{"id":6223,"date":"2023-10-20T10:33:18","date_gmt":"2023-10-20T10:33:18","guid":{"rendered":"https:\/\/trabada.gal\/?p=6223"},"modified":"2023-10-20T10:33:19","modified_gmt":"2023-10-20T10:33:19","slug":"o-concello-de-trabada-contara-cun-centro-de-novas-tecnoloxias","status":"publish","type":"post","link":"https:\/\/trabada.gal\/gl\/2023\/10\/20\/o-concello-de-trabada-contara-cun-centro-de-novas-tecnoloxias\/","title":{"rendered":"O CONCELLO DE TRABADA CONTAR\u00c1 CUN CENTRO DE NOVAS TECNOLOX\u00cdAS"},"content":{"rendered":"<p>A alcaldesa de Trabada, Mayra Garc\u00eda Berm\u00fadez, asinou hoxe co presidente da Deputaci\u00f3n de Lugo Jos\u00e9 Tom\u00e9 Roca, un acordo a trav\u00e9s do que a instituci\u00f3n provincial achega ao concello 48.000 euros para a creaci\u00f3n dun Centro de Novas Tecnolox\u00edas en Vilaform\u00e1n, rehabilitando o antigo teleclub da parroquia.<\/p>\n\n\n\n<p>\u201cUn novo paso para dotar a Trabada de novos servizos e infraestruturas p\u00fablicas, cun centro que prestar\u00e1 atenci\u00f3n \u00e1 veci\u00f1anza da parroquia, pero tam\u00e9n de todo o concello, e que axudar\u00e1 a dinamizar a vida social e econ\u00f3mica con acceso \u00e1s novas tecnolox\u00edas no rural\u201d, asegura Garc\u00eda Berm\u00fadez.<\/p>\n\n\n\n<p>Jos\u00e9 Tom\u00e9 explicou que o investimento provincial \u201csup\u00f3n un 90% do custe total da actuaci\u00f3n, que permitir\u00e1 a posta en marcha dun espazo innovador impulsado pola propia alcaldesa de Trabada\u201d.<\/p>\n\n\n\n<p>\u201cEstamos creando polo tanto novos servizos que contrib\u00faen a mellorar a calidade de vida da xente, un factor fundamental para fixar poboaci\u00f3n no rural, que \u00e9 un dos grandes obxectivos que temos na Deputaci\u00f3n en colaboraci\u00f3n cos concellos\u201d, engadiu.<\/p>\n\n\n\n<p>Os traballos para crear un centro de novas tecnolox\u00edas en Vilaform\u00e1n consistir\u00e1n na retirada da rede el\u00e9ctrica e os equipos de iluminaci\u00f3n, a demolici\u00f3n de tabiques, pavimentos e revestimentos interiores e na retirada da carpinter\u00eda de madeira existente.<\/p>\n\n\n\n<p>Grazas ao proxecto habilitaranse no edificio, de 131m2, dous espazos, un para instalar material inform\u00e1tico e o segundo para levar a cabo formaci\u00f3n relacionada con actividades no rural, clases de primeiros auxilios, ximnasia ou cursos.<\/p>","protected":false},"excerpt":{"rendered":"<p>A alcaldesa de Trabada, Mayra Garc\u00eda Berm\u00fadez, asinou hoxe co presidente da Deputaci\u00f3n de Lugo Jos\u00e9 Tom\u00e9 Roca, un acordo a trav\u00e9s do que a instituci\u00f3n provincial achega ao concello 48.000 euros para a creaci\u00f3n dun Centro de Novas Tecnolox\u00edas en Vilaform\u00e1n, rehabilitando o antigo teleclub da parroquia. \u201cUn novo paso para dotar a Trabada [&hellip;]<\/p>\n","protected":false},"author":2,"featured_media":6224,"comment_status":"closed","ping_status":"closed","sticky":false,"template":"","format":"standard","meta":{"footnotes":""},"categories":[1],"tags":[],"class_list":["post-6223","post","type-post","status-publish","format-standard","has-post-thumbnail","hentry","category-trabada"],"_links":{"self":[{"href":"https:\/\/trabada.gal\/gl\/wp-json\/wp\/v2\/posts\/6223","targetHints":{"allow":["GET"]}}],"collection":[{"href":"https:\/\/trabada.gal\/gl\/wp-json\/wp\/v2\/posts"}],"about":[{"href":"https:\/\/trabada.gal\/gl\/wp-json\/wp\/v2\/types\/post"}],"author":[{"embeddable":true,"href":"https:\/\/trabada.gal\/gl\/wp-json\/wp\/v2\/users\/2"}],"replies":[{"embeddable":true,"href":"https:\/\/trabada.gal\/gl\/wp-json\/wp\/v2\/comments?post=6223"}],"version-history":[{"count":0,"href":"https:\/\/trabada.gal\/gl\/wp-json\/wp\/v2\/posts\/6223\/revisions"}],"wp:featuredmedia":[{"embeddable":true,"href":"https:\/\/trabada.gal\/gl\/wp-json\/wp\/v2\/media\/6224"}],"wp:attachment":[{"href":"https:\/\/trabada.gal\/gl\/wp-json\/wp\/v2\/media?parent=6223"}],"wp:term":[{"taxonomy":"category","embeddable":true,"href":"https:\/\/trabada.gal\/gl\/wp-json\/wp\/v2\/categories?post=6223"},{"taxonomy":"post_tag","embeddable":true,"href":"https:\/\/trabada.gal\/gl\/wp-json\/wp\/v2\/tags?post=6223"}],"curies":[{"name":"wp","href":"https:\/\/api.w.org\/{rel}","templated":true}]}}