{"id":6253,"date":"2024-02-01T11:51:00","date_gmt":"2024-02-01T11:51:00","guid":{"rendered":"https:\/\/trabada.gal\/?p=6253"},"modified":"2024-04-03T08:40:35","modified_gmt":"2024-04-03T08:40:35","slug":"mellora-de-accesibilidade-do-edificio-para-servizos-sociais","status":"publish","type":"post","link":"https:\/\/trabada.gal\/gl\/2024\/02\/01\/mellora-de-accesibilidade-do-edificio-para-servizos-sociais\/","title":{"rendered":"MELLORA DE ACCESIBILIDADE DO EDIFICIO PARA SERVIZOS SOCIAIS"},"content":{"rendered":"<p><\/p>\n\n\n\n<p><\/p>\n\n\n\n<p>O Concello de Trabada est\u00e1 a rematar as obras da c\u00e1mara agraria consistentes na mellora da s\u00faa accesibilidade coa fin de destinar este local a servizos sociais.O investimento ascende a 45.400 \u20ac e foi executado ao abeiro do Plan de Recuperaci\u00f3n, transformaci\u00f3n e resilencia financiado pola Uni\u00f3n Europa-NextGenerationEu<\/p>\n\n\n\n<figure class=\"wp-block-image size-large is-resized\"><img fetchpriority=\"high\" decoding=\"async\" width=\"1024\" height=\"771\" src=\"https:\/\/trabada.gal\/wp-content\/uploads\/2024\/03\/1000052740-1024x771.jpg\" alt=\"\" class=\"wp-image-6254\" style=\"width:366px;height:auto\" srcset=\"https:\/\/trabada.gal\/wp-content\/uploads\/2024\/03\/1000052740-1024x771.jpg 1024w, https:\/\/trabada.gal\/wp-content\/uploads\/2024\/03\/1000052740-300x226.jpg 300w, https:\/\/trabada.gal\/wp-content\/uploads\/2024\/03\/1000052740-768x578.jpg 768w, https:\/\/trabada.gal\/wp-content\/uploads\/2024\/03\/1000052740-1536x1157.jpg 1536w, https:\/\/trabada.gal\/wp-content\/uploads\/2024\/03\/1000052740-16x12.jpg 16w, https:\/\/trabada.gal\/wp-content\/uploads\/2024\/03\/1000052740-600x452.jpg 600w, https:\/\/trabada.gal\/wp-content\/uploads\/2024\/03\/1000052740-560x422.jpg 560w, https:\/\/trabada.gal\/wp-content\/uploads\/2024\/03\/1000052740.jpg 2040w\" sizes=\"(max-width: 1024px) 100vw, 1024px\" \/><\/figure>\n\n\n\n<figure class=\"wp-block-image size-full\"><img decoding=\"async\" width=\"793\" height=\"159\" src=\"https:\/\/trabada.gal\/wp-content\/uploads\/2023\/12\/20231204092957_page-0001.jpg\" alt=\"\" class=\"wp-image-6234\" srcset=\"https:\/\/trabada.gal\/wp-content\/uploads\/2023\/12\/20231204092957_page-0001.jpg 793w, https:\/\/trabada.gal\/wp-content\/uploads\/2023\/12\/20231204092957_page-0001-300x60.jpg 300w, https:\/\/trabada.gal\/wp-content\/uploads\/2023\/12\/20231204092957_page-0001-768x154.jpg 768w, https:\/\/trabada.gal\/wp-content\/uploads\/2023\/12\/20231204092957_page-0001-18x4.jpg 18w, https:\/\/trabada.gal\/wp-content\/uploads\/2023\/12\/20231204092957_page-0001-600x120.jpg 600w, https:\/\/trabada.gal\/wp-content\/uploads\/2023\/12\/20231204092957_page-0001-560x112.jpg 560w\" sizes=\"(max-width: 793px) 100vw, 793px\" \/><\/figure>\n\n\n\n<p><\/p>","protected":false},"excerpt":{"rendered":"<p>O Concello de Trabada est\u00e1 a rematar as obras da c\u00e1mara agraria consistentes na mellora da s\u00faa accesibilidade coa fin de destinar este local a servizos sociais.O investimento ascende a 45.400 \u20ac e foi executado ao abeiro do Plan de Recuperaci\u00f3n, transformaci\u00f3n e resilencia financiado pola Uni\u00f3n Europa-NextGenerationEu<\/p>","protected":false},"author":1,"featured_media":6254,"comment_status":"closed","ping_status":"closed","sticky":false,"template":"","format":"standard","meta":{"footnotes":""},"categories":[1],"tags":[],"class_list":["post-6253","post","type-post","status-publish","format-standard","has-post-thumbnail","hentry","category-trabada"],"_links":{"self":[{"href":"https:\/\/trabada.gal\/gl\/wp-json\/wp\/v2\/posts\/6253","targetHints":{"allow":["GET"]}}],"collection":[{"href":"https:\/\/trabada.gal\/gl\/wp-json\/wp\/v2\/posts"}],"about":[{"href":"https:\/\/trabada.gal\/gl\/wp-json\/wp\/v2\/types\/post"}],"author":[{"embeddable":true,"href":"https:\/\/trabada.gal\/gl\/wp-json\/wp\/v2\/users\/1"}],"replies":[{"embeddable":true,"href":"https:\/\/trabada.gal\/gl\/wp-json\/wp\/v2\/comments?post=6253"}],"version-history":[{"count":0,"href":"https:\/\/trabada.gal\/gl\/wp-json\/wp\/v2\/posts\/6253\/revisions"}],"wp:featuredmedia":[{"embeddable":true,"href":"https:\/\/trabada.gal\/gl\/wp-json\/wp\/v2\/media\/6254"}],"wp:attachment":[{"href":"https:\/\/trabada.gal\/gl\/wp-json\/wp\/v2\/media?parent=6253"}],"wp:term":[{"taxonomy":"category","embeddable":true,"href":"https:\/\/trabada.gal\/gl\/wp-json\/wp\/v2\/categories?post=6253"},{"taxonomy":"post_tag","embeddable":true,"href":"https:\/\/trabada.gal\/gl\/wp-json\/wp\/v2\/tags?post=6253"}],"curies":[{"name":"wp","href":"https:\/\/api.w.org\/{rel}","templated":true}]}}