{"id":6326,"date":"2024-02-23T08:21:00","date_gmt":"2024-02-23T08:21:00","guid":{"rendered":"https:\/\/trabada.gal\/?p=6326"},"modified":"2024-10-18T08:23:16","modified_gmt":"2024-10-18T08:23:16","slug":"o-concello-de-trabada-informa-do-inicio-das-obras-de-mellora-en-diferentes-vias-municipais","status":"publish","type":"post","link":"https:\/\/trabada.gal\/gl\/2024\/02\/23\/o-concello-de-trabada-informa-do-inicio-das-obras-de-mellora-en-diferentes-vias-municipais\/","title":{"rendered":"O CONCELLO DE TRABADA INFORMA DO INICIO DAS OBRAS DE MELLORA EN DIFERENTES V\u00cdAS MUNICIPAIS"},"content":{"rendered":"<div data-elementor-type=\"wp-post\" data-elementor-id=\"6326\" class=\"elementor elementor-6326\">\n\t\t\t\t\t\t<section class=\"elementor-section elementor-top-section elementor-element elementor-element-7d4b593 elementor-section-boxed elementor-section-height-default elementor-section-height-default\" data-id=\"7d4b593\" data-element_type=\"section\" data-e-type=\"section\">\n\t\t\t\t\t\t<div class=\"elementor-container elementor-column-gap-default\">\n\t\t\t\t\t<div class=\"elementor-column elementor-col-100 elementor-top-column elementor-element elementor-element-b994459\" data-id=\"b994459\" data-element_type=\"column\" data-e-type=\"column\">\n\t\t\t<div class=\"elementor-widget-wrap elementor-element-populated\">\n\t\t\t\t\t\t<div class=\"elementor-element elementor-element-7828a0a elementor-widget elementor-widget-text-editor\" data-id=\"7828a0a\" data-element_type=\"widget\" data-e-type=\"widget\" data-widget_type=\"text-editor.default\">\n\t\t\t\t<div class=\"elementor-widget-container\">\n\t\t\t\t\t\t\t\t\t<div class=\"x11i5rnm xat24cr x1mh8g0r x1vvkbs xtlvy1s x126k92a\"><div dir=\"auto\">O Concello de Trabada informa aos seus veci\u00f1os e veci\u00f1as que dan comezo as obras de mellora en O Porto do Malle, A Trapa e Santo Estevo.<\/div><\/div><div class=\"x11i5rnm xat24cr x1mh8g0r x1vvkbs xtlvy1s x126k92a\"><div dir=\"auto\">As actuaci\u00f3ns que se est\u00e1n a levar a cabo consisten na limpeza de cunetas, pavimentaci\u00f3n das v\u00edas municipais e construcci\u00f3n de cunetas de hormig\u00f3n en varias zonas donde o terreo se reblandece debido a gran cantidade de auga que trancorre.<\/div><\/div><div class=\"x11i5rnm xat24cr x1mh8g0r x1vvkbs xtlvy1s x126k92a\"><div dir=\"auto\">Este proxecto cun importe total de 41.950,45 \u20ac, est\u00e1 inclu\u00eddo dentro do covenio de mellora de accesos asinado a finais do ano 2023 ca Diputaci\u00f3n Provincial de Lugo.<\/div><\/div><div class=\"x11i5rnm xat24cr x1mh8g0r x1vvkbs xtlvy1s x126k92a\"><div dir=\"auto\">\u00abContinuamos ca mellora das nosas v\u00edas municipais, e quero agradecer unha vez m\u00e1is a colaboraci\u00f3n da Diputaci\u00f3n de Lugo co Concello de Trabada\u00bb afirma o alcalde, Rub\u00e9n Garc\u00eda<\/div><\/div>\t\t\t\t\t\t\t\t<\/div>\n\t\t\t\t<\/div>\n\t\t\t\t\t<\/div>\n\t\t<\/div>\n\t\t\t\t\t<\/div>\n\t\t<\/section>\n\t\t\t\t<section class=\"elementor-section elementor-top-section elementor-element elementor-element-7a00052 elementor-section-boxed elementor-section-height-default elementor-section-height-default\" data-id=\"7a00052\" data-element_type=\"section\" data-e-type=\"section\">\n\t\t\t\t\t\t<div class=\"elementor-container elementor-column-gap-default\">\n\t\t\t\t\t<div class=\"elementor-column elementor-col-100 elementor-top-column elementor-element elementor-element-80a2e70\" data-id=\"80a2e70\" data-element_type=\"column\" data-e-type=\"column\">\n\t\t\t<div class=\"elementor-widget-wrap elementor-element-populated\">\n\t\t\t\t\t\t<div class=\"elementor-element elementor-element-86b59ae elementor-widget elementor-widget-image\" data-id=\"86b59ae\" data-element_type=\"widget\" data-e-type=\"widget\" data-widget_type=\"image.default\">\n\t\t\t\t<div class=\"elementor-widget-container\">\n\t\t\t\t\t\t\t\t\t\t\t\t\t\t\t<img fetchpriority=\"high\" decoding=\"async\" width=\"960\" height=\"540\" src=\"https:\/\/trabada.gal\/wp-content\/uploads\/2024\/10\/camino.jpg\" class=\"attachment-large size-large wp-image-6327\" alt=\"\" srcset=\"https:\/\/trabada.gal\/wp-content\/uploads\/2024\/10\/camino.jpg 960w, https:\/\/trabada.gal\/wp-content\/uploads\/2024\/10\/camino-300x169.jpg 300w, https:\/\/trabada.gal\/wp-content\/uploads\/2024\/10\/camino-768x432.jpg 768w, https:\/\/trabada.gal\/wp-content\/uploads\/2024\/10\/camino-18x10.jpg 18w, https:\/\/trabada.gal\/wp-content\/uploads\/2024\/10\/camino-600x338.jpg 600w, https:\/\/trabada.gal\/wp-content\/uploads\/2024\/10\/camino-560x315.jpg 560w\" sizes=\"(max-width: 960px) 100vw, 960px\" \/>\t\t\t\t\t\t\t\t\t\t\t\t\t\t\t<\/div>\n\t\t\t\t<\/div>\n\t\t\t\t\t<\/div>\n\t\t<\/div>\n\t\t\t\t\t<\/div>\n\t\t<\/section>\n\t\t\t\t<\/div>","protected":false},"excerpt":{"rendered":"<p>O Concello de Trabada informa aos seus veci\u00f1os e veci\u00f1as que dan comezo as obras de mellora en O Porto do Malle, A Trapa e Santo Estevo.As actuaci\u00f3ns que se est\u00e1n a levar a cabo consisten na limpeza de cunetas, pavimentaci\u00f3n das v\u00edas municipais e construcci\u00f3n de cunetas de hormig\u00f3n en varias zonas donde o [&hellip;]<\/p>\n","protected":false},"author":1,"featured_media":6327,"comment_status":"closed","ping_status":"closed","sticky":false,"template":"","format":"standard","meta":{"footnotes":""},"categories":[1],"tags":[],"class_list":["post-6326","post","type-post","status-publish","format-standard","has-post-thumbnail","hentry","category-trabada"],"_links":{"self":[{"href":"https:\/\/trabada.gal\/gl\/wp-json\/wp\/v2\/posts\/6326","targetHints":{"allow":["GET"]}}],"collection":[{"href":"https:\/\/trabada.gal\/gl\/wp-json\/wp\/v2\/posts"}],"about":[{"href":"https:\/\/trabada.gal\/gl\/wp-json\/wp\/v2\/types\/post"}],"author":[{"embeddable":true,"href":"https:\/\/trabada.gal\/gl\/wp-json\/wp\/v2\/users\/1"}],"replies":[{"embeddable":true,"href":"https:\/\/trabada.gal\/gl\/wp-json\/wp\/v2\/comments?post=6326"}],"version-history":[{"count":0,"href":"https:\/\/trabada.gal\/gl\/wp-json\/wp\/v2\/posts\/6326\/revisions"}],"wp:featuredmedia":[{"embeddable":true,"href":"https:\/\/trabada.gal\/gl\/wp-json\/wp\/v2\/media\/6327"}],"wp:attachment":[{"href":"https:\/\/trabada.gal\/gl\/wp-json\/wp\/v2\/media?parent=6326"}],"wp:term":[{"taxonomy":"category","embeddable":true,"href":"https:\/\/trabada.gal\/gl\/wp-json\/wp\/v2\/categories?post=6326"},{"taxonomy":"post_tag","embeddable":true,"href":"https:\/\/trabada.gal\/gl\/wp-json\/wp\/v2\/tags?post=6326"}],"curies":[{"name":"wp","href":"https:\/\/api.w.org\/{rel}","templated":true}]}}