{"id":6338,"date":"2024-02-27T08:29:00","date_gmt":"2024-02-27T08:29:00","guid":{"rendered":"https:\/\/trabada.gal\/?p=6338"},"modified":"2024-10-18T08:31:40","modified_gmt":"2024-10-18T08:31:40","slug":"o-concello-de-trabada-ten-un-proxecto-para-renovar-a-area-recreativa-da-choza","status":"publish","type":"post","link":"https:\/\/trabada.gal\/gl\/2024\/02\/27\/o-concello-de-trabada-ten-un-proxecto-para-renovar-a-area-recreativa-da-choza\/","title":{"rendered":"O CONCELLO DE TRABADA TEN UN PROXECTO PARA RENOVAR A \u00c1REA RECREATIVA DA CHOZA"},"content":{"rendered":"\t\t<div data-elementor-type=\"wp-post\" data-elementor-id=\"6338\" class=\"elementor elementor-6338\">\n\t\t\t\t\t\t<section class=\"elementor-section elementor-top-section elementor-element elementor-element-84f8866 elementor-section-boxed elementor-section-height-default elementor-section-height-default\" data-id=\"84f8866\" data-element_type=\"section\" data-e-type=\"section\">\n\t\t\t\t\t\t<div class=\"elementor-container elementor-column-gap-default\">\n\t\t\t\t\t<div class=\"elementor-column elementor-col-100 elementor-top-column elementor-element elementor-element-d694feb\" data-id=\"d694feb\" data-element_type=\"column\" data-e-type=\"column\">\n\t\t\t<div class=\"elementor-widget-wrap elementor-element-populated\">\n\t\t\t\t\t\t<div class=\"elementor-element elementor-element-27663b0 elementor-widget elementor-widget-text-editor\" data-id=\"27663b0\" data-element_type=\"widget\" data-e-type=\"widget\" data-widget_type=\"text-editor.default\">\n\t\t\t\t<div class=\"elementor-widget-container\">\n\t\t\t\t\t\t\t\t\t<div class=\"x11i5rnm xat24cr x1mh8g0r x1vvkbs xtlvy1s x126k92a\"><div dir=\"auto\">Solicitou para realizar a actuaci\u00f3n unha subvenci\u00f3n \u00e1 Xunta de 30.000 euros<\/div><\/div><div class=\"x11i5rnm xat24cr x1mh8g0r x1vvkbs xtlvy1s x126k92a\"><div dir=\"auto\"><span class=\"html-span xexx8yu x4uap5 x18d9i69 xkhd6sd x1hl2dhg x16tdsg8 x1vvkbs x3nfvp2 x1j61x8r x1fcty0u xdj266r xat24cr xgzva0m xhhsvwb xxymvpz xlup9mm x1kky2od\"><img decoding=\"async\" class=\"xz74otr\" src=\"https:\/\/static.xx.fbcdn.net\/images\/emoji.php\/v9\/t51\/1\/16\/1f449.png\" alt=\"\ud83d\udc49\" width=\"16\" height=\"16\" \/><\/span> \u201cQueremos seguir mellorando os espazos naturais e de lecer que temos no concello\u201d, explica o alcalde, Rub\u00e9n Garc\u00eda<\/div><\/div><div class=\"x11i5rnm xat24cr x1mh8g0r x1vvkbs xtlvy1s x126k92a\"><div dir=\"auto\">O <span class=\"html-span xdj266r x11i5rnm xat24cr x1mh8g0r xexx8yu x4uap5 x18d9i69 xkhd6sd x1hl2dhg x16tdsg8 x1vvkbs\"><a class=\"x1i10hfl xjbqb8w x1ejq31n xd10rxx x1sy0etr x17r0tee x972fbf xcfux6l x1qhh985 xm0m39n x9f619 x1ypdohk xt0psk2 xe8uvvx xdj266r x11i5rnm xat24cr x1mh8g0r xexx8yu x4uap5 x18d9i69 xkhd6sd x16tdsg8 x1hl2dhg xggy1nq x1a2a7pz x1sur9pj xkrqix3 x1fey0fg x1s688f\" tabindex=\"0\" role=\"link\" href=\"https:\/\/www.facebook.com\/profile.php?id=100064695638935&amp;__cft__[0]=AZW0UqILGv7LHPpfJTmU_HoS8clUGMxBc1URKoAFcyCjKRPCNTgPXtj5tBp5C_XzomfDHvgjojehQ_SPw2UDN6Ht-TgWYyZaXrYzkk3GZRue5O331fOrTC0aVAKXNPX3QHIPxRU3G27Q8cTuXO1pyOTH_nZv5cEUm-pBJA3J5GkvDXFF1TliCocxiaeJq5Z5SAU&amp;__tn__=-]K-R\"><span class=\"xt0psk2\">Concello de Trabada<\/span><\/a><\/span> solicitou unha subvenci\u00f3n de 30.000 euros \u00e1 Vicepresidencia Segunda e \u00e1 Conseller\u00eda de Medio Ambiente, Territorio e Vivenda da Xunta para levar a cabo actuaci\u00f3ns de restauraci\u00f3n, renovaci\u00f3n e adecuaci\u00f3n da \u00e1rea recreativa da Choza, na parroquia de R\u00eda de Abres.<\/div><\/div><div class=\"x11i5rnm xat24cr x1mh8g0r x1vvkbs xtlvy1s x126k92a\"><div dir=\"auto\">Estes traballos dar\u00edan continuidade a outras obras realizadas na zona nos \u00faltimos anos, como o espazo para autocaravanas ou a mellora dos accesos \u00e1 propia \u00e1rea recreativa da Choza, que est\u00e1 \u00e1 beira do r\u00edo Eo e ofrece varias zonas de descanso onde gozar do ambiente fluvial.<\/div><\/div><div class=\"x11i5rnm xat24cr x1mh8g0r x1vvkbs xtlvy1s x126k92a\"><div dir=\"auto\">As actuaci\u00f3ns que se levar\u00edan a levar a cabo son a renovaci\u00f3n dos carteis informativos e dos murais de madeira; a adecuaci\u00f3n da pasarela de madeira e da varanda de madeira; a restauraci\u00f3n do miradoiro de aves, e a instalaci\u00f3n de novos elementos de sinalizaci\u00f3n.<\/div><\/div><div class=\"x11i5rnm xat24cr x1mh8g0r x1vvkbs xtlvy1s x126k92a\"><div dir=\"auto\">\u201c\u00c1 \u00e1rea recreativa da Choza \u00e9 un dos espazos de natureza e lecer cos que contamos no concello e queremos renovalo, mellorando as infraestruturas a disposici\u00f3n dos nosos veci\u00f1os e dos visitantes\u201d, sost\u00e9n o alcalde de Trabada, Rub\u00e9n Garc\u00eda.<\/div><\/div>\t\t\t\t\t\t\t\t<\/div>\n\t\t\t\t<\/div>\n\t\t\t\t\t<\/div>\n\t\t<\/div>\n\t\t\t\t\t<\/div>\n\t\t<\/section>\n\t\t\t\t<section class=\"elementor-section elementor-top-section elementor-element elementor-element-d806531 elementor-section-boxed elementor-section-height-default elementor-section-height-default\" data-id=\"d806531\" data-element_type=\"section\" data-e-type=\"section\">\n\t\t\t\t\t\t<div class=\"elementor-container elementor-column-gap-default\">\n\t\t\t\t\t<div class=\"elementor-column elementor-col-100 elementor-top-column elementor-element elementor-element-c79fee7\" data-id=\"c79fee7\" data-element_type=\"column\" data-e-type=\"column\">\n\t\t\t<div class=\"elementor-widget-wrap elementor-element-populated\">\n\t\t\t\t\t\t<div class=\"elementor-element elementor-element-9d3c475 elementor-widget elementor-widget-image\" data-id=\"9d3c475\" data-element_type=\"widget\" data-e-type=\"widget\" data-widget_type=\"image.default\">\n\t\t\t\t<div class=\"elementor-widget-container\">\n\t\t\t\t\t\t\t\t\t\t\t\t\t\t\t<img fetchpriority=\"high\" decoding=\"async\" width=\"958\" height=\"540\" src=\"https:\/\/trabada.gal\/wp-content\/uploads\/2024\/02\/area-recreativa.jpg\" class=\"attachment-large size-large wp-image-6340\" alt=\"\" srcset=\"https:\/\/trabada.gal\/wp-content\/uploads\/2024\/02\/area-recreativa.jpg 958w, https:\/\/trabada.gal\/wp-content\/uploads\/2024\/02\/area-recreativa-300x169.jpg 300w, https:\/\/trabada.gal\/wp-content\/uploads\/2024\/02\/area-recreativa-768x433.jpg 768w, https:\/\/trabada.gal\/wp-content\/uploads\/2024\/02\/area-recreativa-18x10.jpg 18w, https:\/\/trabada.gal\/wp-content\/uploads\/2024\/02\/area-recreativa-600x338.jpg 600w, https:\/\/trabada.gal\/wp-content\/uploads\/2024\/02\/area-recreativa-560x316.jpg 560w\" sizes=\"(max-width: 958px) 100vw, 958px\" \/>\t\t\t\t\t\t\t\t\t\t\t\t\t\t\t<\/div>\n\t\t\t\t<\/div>\n\t\t\t\t\t<\/div>\n\t\t<\/div>\n\t\t\t\t\t<\/div>\n\t\t<\/section>\n\t\t\t\t<\/div>\n\t\t","protected":false},"excerpt":{"rendered":"<p>Solicitou para realizar a actuaci\u00f3n unha subvenci\u00f3n \u00e1 Xunta de 30.000 euros \u201cQueremos seguir mellorando os espazos naturais e de lecer que temos no concello\u201d, explica o alcalde, Rub\u00e9n Garc\u00edaO Concello de Trabada solicitou unha subvenci\u00f3n de 30.000 euros \u00e1 Vicepresidencia Segunda e \u00e1 Conseller\u00eda de Medio Ambiente, Territorio e Vivenda da Xunta para levar [&hellip;]<\/p>\n","protected":false},"author":1,"featured_media":6340,"comment_status":"closed","ping_status":"closed","sticky":false,"template":"","format":"standard","meta":{"footnotes":""},"categories":[90],"tags":[],"class_list":["post-6338","post","type-post","status-publish","format-standard","has-post-thumbnail","hentry","category-noticias"],"_links":{"self":[{"href":"https:\/\/trabada.gal\/gl\/wp-json\/wp\/v2\/posts\/6338","targetHints":{"allow":["GET"]}}],"collection":[{"href":"https:\/\/trabada.gal\/gl\/wp-json\/wp\/v2\/posts"}],"about":[{"href":"https:\/\/trabada.gal\/gl\/wp-json\/wp\/v2\/types\/post"}],"author":[{"embeddable":true,"href":"https:\/\/trabada.gal\/gl\/wp-json\/wp\/v2\/users\/1"}],"replies":[{"embeddable":true,"href":"https:\/\/trabada.gal\/gl\/wp-json\/wp\/v2\/comments?post=6338"}],"version-history":[{"count":0,"href":"https:\/\/trabada.gal\/gl\/wp-json\/wp\/v2\/posts\/6338\/revisions"}],"wp:featuredmedia":[{"embeddable":true,"href":"https:\/\/trabada.gal\/gl\/wp-json\/wp\/v2\/media\/6340"}],"wp:attachment":[{"href":"https:\/\/trabada.gal\/gl\/wp-json\/wp\/v2\/media?parent=6338"}],"wp:term":[{"taxonomy":"category","embeddable":true,"href":"https:\/\/trabada.gal\/gl\/wp-json\/wp\/v2\/categories?post=6338"},{"taxonomy":"post_tag","embeddable":true,"href":"https:\/\/trabada.gal\/gl\/wp-json\/wp\/v2\/tags?post=6338"}],"curies":[{"name":"wp","href":"https:\/\/api.w.org\/{rel}","templated":true}]}}