{"id":6344,"date":"2024-04-05T08:34:00","date_gmt":"2024-04-05T08:34:00","guid":{"rendered":"https:\/\/trabada.gal\/?p=6344"},"modified":"2024-10-18T08:36:52","modified_gmt":"2024-10-18T08:36:52","slug":"convenio-de-colaboracion-entre-o-concello-de-trabada-e-a-deputacion-de-lugo-para-a-festa-da-farinada","status":"publish","type":"post","link":"https:\/\/trabada.gal\/gl\/2024\/04\/05\/convenio-de-colaboracion-entre-o-concello-de-trabada-e-a-deputacion-de-lugo-para-a-festa-da-farinada\/","title":{"rendered":"Convenio de colaboraci\u00f3n entre o Concello de Trabada e a Deputaci\u00f3n de Lugo para a Festa da Fari\u00f1ada"},"content":{"rendered":"<div data-elementor-type=\"wp-post\" data-elementor-id=\"6344\" class=\"elementor elementor-6344\">\n\t\t\t\t\t\t<section class=\"elementor-section elementor-top-section elementor-element elementor-element-4a5d8b3 elementor-section-boxed elementor-section-height-default elementor-section-height-default\" data-id=\"4a5d8b3\" data-element_type=\"section\" data-e-type=\"section\">\n\t\t\t\t\t\t<div class=\"elementor-container elementor-column-gap-default\">\n\t\t\t\t\t<div class=\"elementor-column elementor-col-100 elementor-top-column elementor-element elementor-element-804c2be\" data-id=\"804c2be\" data-element_type=\"column\" data-e-type=\"column\">\n\t\t\t<div class=\"elementor-widget-wrap elementor-element-populated\">\n\t\t\t\t\t\t<div class=\"elementor-element elementor-element-7aba40d elementor-widget elementor-widget-text-editor\" data-id=\"7aba40d\" data-element_type=\"widget\" data-e-type=\"widget\" data-widget_type=\"text-editor.default\">\n\t\t\t\t<div class=\"elementor-widget-container\">\n\t\t\t\t\t\t\t\t\t<div class=\"x11i5rnm xat24cr x1mh8g0r x1vvkbs xtlvy1s x126k92a\"><div dir=\"auto\"><span class=\"html-span xexx8yu x4uap5 x18d9i69 xkhd6sd x1hl2dhg x16tdsg8 x1vvkbs x3nfvp2 x1j61x8r x1fcty0u xdj266r xat24cr xgzva0m xhhsvwb xxymvpz xlup9mm x1kky2od\"><img decoding=\"async\" class=\"xz74otr\" src=\"https:\/\/static.xx.fbcdn.net\/images\/emoji.php\/v9\/te2\/1\/16\/270d.png\" alt=\"\u270d\ufe0f\" width=\"16\" height=\"16\" \/><\/span> O alcalde de Trabada, Rub\u00e9n Garc\u00eda, e o presidente da Deputaci\u00f3n de Lugo, Jos\u00e9 Tom\u00e9 Roca, asinaron onte un convenio de subvenci\u00f3n nominativa para a celebraci\u00f3n da Festa da Fari\u00f1ada, que ser\u00e1 o pr\u00f3ximo 5 de maio.<\/div><\/div><div class=\"x11i5rnm xat24cr x1mh8g0r x1vvkbs xtlvy1s x126k92a\"><div dir=\"auto\"><span class=\"html-span xexx8yu x4uap5 x18d9i69 xkhd6sd x1hl2dhg x16tdsg8 x1vvkbs x3nfvp2 x1j61x8r x1fcty0u xdj266r xat24cr xgzva0m xhhsvwb xxymvpz xlup9mm x1kky2od\"><img decoding=\"async\" class=\"xz74otr\" src=\"https:\/\/static.xx.fbcdn.net\/images\/emoji.php\/v9\/tfc\/1\/16\/1f44d.png\" alt=\"\ud83d\udc4d\" width=\"16\" height=\"16\" \/><\/span> \u201cAgradecemos a colaboraci\u00f3n da Deputaci\u00f3n de Lugo para organizar esta festa que cumpre a s\u00faa quinta edici\u00f3n, unha iniciativa do noso goberno local para homenaxear un plato t\u00edpico do noso pobo\u201d, asegura o alcalde de Trabada.<\/div><\/div><div class=\"x11i5rnm xat24cr x1mh8g0r x1vvkbs xtlvy1s x126k92a\"><div dir=\"auto\">\u201cUnha festa que cada ano ten m\u00e1is aceptaci\u00f3n e atrae a m\u00e1is xente a Trabada\u201d, engade Rub\u00e9n Garc\u00eda, que adianta que \u201cnos pr\u00f3ximos d\u00edas publicaremos o cartel e toda a informaci\u00f3n sobre o evento\u201d.<\/div><\/div><div class=\"x11i5rnm xat24cr x1mh8g0r x1vvkbs xtlvy1s x126k92a\"><div dir=\"auto\">Pola s\u00faa parte, o presidente da Deputaci\u00f3n de Lugo manifestou que \u201cesta cita naceu hai poucos anos e xa ten unha gran aceptaci\u00f3n. De feito, o ano pasado serv\u00edronse m\u00e1is de 700 raci\u00f3ns, o que da boa mostra do gran traballo que fan dende o concello e tam\u00e9n dende a veci\u00f1anza para facer desta festa un atractivo m\u00e1is de Trabada que contrib\u00faa \u00e1 s\u00faa dinamizaci\u00f3n social e econ\u00f3mica\u201d<\/div><\/div>\t\t\t\t\t\t\t\t<\/div>\n\t\t\t\t<\/div>\n\t\t\t\t\t<\/div>\n\t\t<\/div>\n\t\t\t\t\t<\/div>\n\t\t<\/section>\n\t\t\t\t<section class=\"elementor-section elementor-top-section elementor-element elementor-element-095439c elementor-section-boxed elementor-section-height-default elementor-section-height-default\" data-id=\"095439c\" data-element_type=\"section\" data-e-type=\"section\">\n\t\t\t\t\t\t<div class=\"elementor-container elementor-column-gap-default\">\n\t\t\t\t\t<div class=\"elementor-column elementor-col-100 elementor-top-column elementor-element elementor-element-c04c116\" data-id=\"c04c116\" data-element_type=\"column\" data-e-type=\"column\">\n\t\t\t<div class=\"elementor-widget-wrap elementor-element-populated\">\n\t\t\t\t\t\t<div class=\"elementor-element elementor-element-646b2aa elementor-widget elementor-widget-image\" data-id=\"646b2aa\" data-element_type=\"widget\" data-e-type=\"widget\" data-widget_type=\"image.default\">\n\t\t\t\t<div class=\"elementor-widget-container\">\n\t\t\t\t\t\t\t\t\t\t\t\t\t\t\t<img fetchpriority=\"high\" decoding=\"async\" width=\"811\" height=\"540\" src=\"https:\/\/trabada.gal\/wp-content\/uploads\/2024\/10\/alcalde-diputacion.jpg\" class=\"attachment-large size-large wp-image-6345\" alt=\"\" srcset=\"https:\/\/trabada.gal\/wp-content\/uploads\/2024\/10\/alcalde-diputacion.jpg 811w, https:\/\/trabada.gal\/wp-content\/uploads\/2024\/10\/alcalde-diputacion-300x200.jpg 300w, https:\/\/trabada.gal\/wp-content\/uploads\/2024\/10\/alcalde-diputacion-768x511.jpg 768w, https:\/\/trabada.gal\/wp-content\/uploads\/2024\/10\/alcalde-diputacion-18x12.jpg 18w, https:\/\/trabada.gal\/wp-content\/uploads\/2024\/10\/alcalde-diputacion-600x400.jpg 600w, https:\/\/trabada.gal\/wp-content\/uploads\/2024\/10\/alcalde-diputacion-560x373.jpg 560w\" sizes=\"(max-width: 811px) 100vw, 811px\" \/>\t\t\t\t\t\t\t\t\t\t\t\t\t\t\t<\/div>\n\t\t\t\t<\/div>\n\t\t\t\t\t<\/div>\n\t\t<\/div>\n\t\t\t\t\t<\/div>\n\t\t<\/section>\n\t\t\t\t<\/div>","protected":false},"excerpt":{"rendered":"<p>O alcalde de Trabada, Rub\u00e9n Garc\u00eda, e o presidente da Deputaci\u00f3n de Lugo, Jos\u00e9 Tom\u00e9 Roca, asinaron onte un convenio de subvenci\u00f3n nominativa para a celebraci\u00f3n da Festa da Fari\u00f1ada, que ser\u00e1 o pr\u00f3ximo 5 de maio. \u201cAgradecemos a colaboraci\u00f3n da Deputaci\u00f3n de Lugo para organizar esta festa que cumpre a s\u00faa quinta edici\u00f3n, unha [&hellip;]<\/p>\n","protected":false},"author":2,"featured_media":6345,"comment_status":"closed","ping_status":"closed","sticky":false,"template":"","format":"standard","meta":{"footnotes":""},"categories":[90],"tags":[],"class_list":["post-6344","post","type-post","status-publish","format-standard","has-post-thumbnail","hentry","category-noticias"],"_links":{"self":[{"href":"https:\/\/trabada.gal\/gl\/wp-json\/wp\/v2\/posts\/6344","targetHints":{"allow":["GET"]}}],"collection":[{"href":"https:\/\/trabada.gal\/gl\/wp-json\/wp\/v2\/posts"}],"about":[{"href":"https:\/\/trabada.gal\/gl\/wp-json\/wp\/v2\/types\/post"}],"author":[{"embeddable":true,"href":"https:\/\/trabada.gal\/gl\/wp-json\/wp\/v2\/users\/2"}],"replies":[{"embeddable":true,"href":"https:\/\/trabada.gal\/gl\/wp-json\/wp\/v2\/comments?post=6344"}],"version-history":[{"count":0,"href":"https:\/\/trabada.gal\/gl\/wp-json\/wp\/v2\/posts\/6344\/revisions"}],"wp:featuredmedia":[{"embeddable":true,"href":"https:\/\/trabada.gal\/gl\/wp-json\/wp\/v2\/media\/6345"}],"wp:attachment":[{"href":"https:\/\/trabada.gal\/gl\/wp-json\/wp\/v2\/media?parent=6344"}],"wp:term":[{"taxonomy":"category","embeddable":true,"href":"https:\/\/trabada.gal\/gl\/wp-json\/wp\/v2\/categories?post=6344"},{"taxonomy":"post_tag","embeddable":true,"href":"https:\/\/trabada.gal\/gl\/wp-json\/wp\/v2\/tags?post=6344"}],"curies":[{"name":"wp","href":"https:\/\/api.w.org\/{rel}","templated":true}]}}