{"id":6354,"date":"2024-10-08T07:49:36","date_gmt":"2024-10-08T07:49:36","guid":{"rendered":"https:\/\/trabada.gal\/?p=6354"},"modified":"2024-10-23T07:58:14","modified_gmt":"2024-10-23T07:58:14","slug":"o-ii-encontro-de-ilustracion-e-natureza-de-trabada-uniu-en-vilaforman-aos-vecinos-co-alumnado-do-ceip-celso-curras","status":"publish","type":"post","link":"https:\/\/trabada.gal\/gl\/2024\/10\/08\/o-ii-encontro-de-ilustracion-e-natureza-de-trabada-uniu-en-vilaforman-aos-vecinos-co-alumnado-do-ceip-celso-curras\/","title":{"rendered":"O II ENCONTRO DE ILUSTRACI\u00d3N E NATUREZA DE TRABADA UNIU EN VILAFORM\u00c1N AOS VECI\u00d1OS CO ALUMNADO DO CEIP CELSO CURR\u00c1S"},"content":{"rendered":"\t\t<div data-elementor-type=\"wp-post\" data-elementor-id=\"6354\" class=\"elementor elementor-6354\">\n\t\t\t\t\t\t<section class=\"elementor-section elementor-top-section elementor-element elementor-element-1beb1d9 elementor-section-boxed elementor-section-height-default elementor-section-height-default\" data-id=\"1beb1d9\" data-element_type=\"section\" data-e-type=\"section\">\n\t\t\t\t\t\t<div class=\"elementor-container elementor-column-gap-default\">\n\t\t\t\t\t<div class=\"elementor-column elementor-col-100 elementor-top-column elementor-element elementor-element-33c5bf8\" data-id=\"33c5bf8\" data-element_type=\"column\" data-e-type=\"column\">\n\t\t\t<div class=\"elementor-widget-wrap elementor-element-populated\">\n\t\t\t\t\t\t<div class=\"elementor-element elementor-element-b62a167 elementor-widget elementor-widget-text-editor\" data-id=\"b62a167\" data-element_type=\"widget\" data-e-type=\"widget\" data-widget_type=\"text-editor.default\">\n\t\t\t\t<div class=\"elementor-widget-container\">\n\t\t\t\t\t\t\t\t\t<div class=\"x11i5rnm xat24cr x1mh8g0r x1vvkbs xtlvy1s x126k92a\"><div dir=\"auto\"><span class=\"html-span xexx8yu x4uap5 x18d9i69 xkhd6sd x1hl2dhg x16tdsg8 x1vvkbs x3nfvp2 x1j61x8r x1fcty0u xdj266r xat24cr xgzva0m xhhsvwb xxymvpz xlup9mm x1kky2od\"><img decoding=\"async\" class=\"xz74otr\" src=\"https:\/\/static.xx.fbcdn.net\/images\/emoji.php\/v9\/t51\/1\/16\/1f449.png\" alt=\"\ud83d\udc49\" width=\"16\" height=\"16\" \/><\/span> Unha actividade organizada pola asociaci\u00f3n cultural <span class=\"html-span xdj266r x11i5rnm xat24cr x1mh8g0r xexx8yu x4uap5 x18d9i69 xkhd6sd x1hl2dhg x16tdsg8 x1vvkbs\"><a class=\"x1i10hfl xjbqb8w x1ejq31n xd10rxx x1sy0etr x17r0tee x972fbf xcfux6l x1qhh985 xm0m39n x9f619 x1ypdohk xt0psk2 xe8uvvx xdj266r x11i5rnm xat24cr x1mh8g0r xexx8yu x4uap5 x18d9i69 xkhd6sd x16tdsg8 x1hl2dhg xggy1nq x1a2a7pz x1sur9pj xkrqix3 x1fey0fg x1s688f\" tabindex=\"0\" role=\"link\" href=\"https:\/\/www.facebook.com\/profile.php?id=61550233904981&amp;__cft__[0]=AZWkM_sKsU8GZtCpp8CY4KDaYgI5YcBPp9jg_2W1dek4k8T9tRGWlowJMyt8OyQCqhWEfoaMlBy3h-7pbF6LYovrw43LLSNOxgbcMFw_3S1WcM0fjLx1G3G72o4OkCj6i-MMj9mTL5b9FJaQYywwll7bInijaUBfn74SJ0BSOdFmJKgKt9kjcu8RuVl4TStDdEU&amp;__tn__=-]K-R\"><span class=\"xt0psk2\">Veiguello<\/span><\/a><\/span> de Vilaform\u00e1n coa colaboraci\u00f3n do <span class=\"html-span xdj266r x11i5rnm xat24cr x1mh8g0r xexx8yu x4uap5 x18d9i69 xkhd6sd x1hl2dhg x16tdsg8 x1vvkbs\"><a class=\"x1i10hfl xjbqb8w x1ejq31n xd10rxx x1sy0etr x17r0tee x972fbf xcfux6l x1qhh985 xm0m39n x9f619 x1ypdohk xt0psk2 xe8uvvx xdj266r x11i5rnm xat24cr x1mh8g0r xexx8yu x4uap5 x18d9i69 xkhd6sd x16tdsg8 x1hl2dhg xggy1nq x1a2a7pz x1sur9pj xkrqix3 x1fey0fg x1s688f\" tabindex=\"0\" role=\"link\" href=\"https:\/\/www.facebook.com\/profile.php?id=100064695638935&amp;__cft__[0]=AZWkM_sKsU8GZtCpp8CY4KDaYgI5YcBPp9jg_2W1dek4k8T9tRGWlowJMyt8OyQCqhWEfoaMlBy3h-7pbF6LYovrw43LLSNOxgbcMFw_3S1WcM0fjLx1G3G72o4OkCj6i-MMj9mTL5b9FJaQYywwll7bInijaUBfn74SJ0BSOdFmJKgKt9kjcu8RuVl4TStDdEU&amp;__tn__=-]K-R\"><span class=\"xt0psk2\">Concello de Trabada<\/span><\/a><\/span><\/div><\/div><div class=\"x11i5rnm xat24cr x1mh8g0r x1vvkbs xtlvy1s x126k92a\"><div dir=\"auto\">O II Encontro de Ilustraci\u00f3n e Natureza xuntou no Teleclube da parroquia de Vilaform\u00e1n aos veci\u00f1os e veci\u00f1as de Trabada cos nenos e nenas do CEIP Celso Curr\u00e1s.<\/div><\/div><div class=\"x11i5rnm xat24cr x1mh8g0r x1vvkbs xtlvy1s x126k92a\"><div dir=\"auto\">Foi unha actividade de convivenvia entre diferentes xeraci\u00f3ns organizada pola asociaci\u00f3n cultural Veiguello de Vilaform\u00e1n coa colaboraci\u00f3n do Concello de Trabada. Desenvolveuse durante a ma\u00f1\u00e1 de onte, luns 7 de outubro, coa participaci\u00f3n da artista invitada Sarela Lorenzo.<\/div><\/div><div class=\"x11i5rnm xat24cr x1mh8g0r x1vvkbs xtlvy1s x126k92a\"><div dir=\"auto\">Os veci\u00f1os e veci\u00f1as de Trabada acudiron con prantas da zona e cont\u00e1ronlle aos nenos e nenas o uso que se lles daba, mentres que o alumnado, coa axuda de Sarela Lorenzo, compuxo unhas ilustraci\u00f3ns.<\/div><\/div><div class=\"x11i5rnm xat24cr x1mh8g0r x1vvkbs xtlvy1s x126k92a\"><div dir=\"auto\">\u201cQuero agradecerlles a Ana moreiras e a Miguel de Lira a gran implicaci\u00f3n que te\u00f1en con Trabada coa Asociaci\u00f3n Cultural o Veiguello, a trav\u00e9s da que realizan diversas actividades durante o ano na parroquia de Vilaform\u00e1n para todos os veci\u00f1os e veci\u00f1as do concello que desexen participar\u201d, explica o alcalde, Rub\u00e9n Garc\u00eda.<\/div><\/div><div class=\"x11i5rnm xat24cr x1mh8g0r x1vvkbs xtlvy1s x126k92a\"><div dir=\"auto\">\u201cO Concello de Trababa contin\u00faa coa s\u00faa aposta de colaborar con t\u00f3dalas asociaci\u00f3ns, clubes e comisi\u00f3ns de festas do noso concello, ofertando o maior n\u00famero de actividades posible de car\u00e1cter cultural, deportivo ou festivo\u201d, engade o alcalde.<\/div><\/div><div class=\"x11i5rnm xat24cr x1mh8g0r x1vvkbs xtlvy1s x126k92a\"><div dir=\"auto\">\u201c\u00c9 vital para o noso concello esa implicaci\u00f3n e colaboraci\u00f3n entre as asociaci\u00f3ns e a administraci\u00f3n local, con actividades para a veci\u00f1anza \u00e1s que incluso se achegan persoas de concellos veci\u00f1os\u201d, remata Rub\u00e9n Garc\u00eda.<\/div><\/div>\t\t\t\t\t\t\t\t<\/div>\n\t\t\t\t<\/div>\n\t\t\t\t\t<\/div>\n\t\t<\/div>\n\t\t\t\t\t<\/div>\n\t\t<\/section>\n\t\t\t\t<section class=\"elementor-section elementor-top-section elementor-element elementor-element-8356911 elementor-section-boxed elementor-section-height-default elementor-section-height-default\" data-id=\"8356911\" data-element_type=\"section\" data-e-type=\"section\">\n\t\t\t\t\t\t<div class=\"elementor-container elementor-column-gap-default\">\n\t\t\t\t\t<div class=\"elementor-column elementor-col-100 elementor-top-column elementor-element elementor-element-1886dc5\" data-id=\"1886dc5\" data-element_type=\"column\" data-e-type=\"column\">\n\t\t\t<div class=\"elementor-widget-wrap elementor-element-populated\">\n\t\t\t\t\t\t<div class=\"elementor-element elementor-element-8f2c7e2 elementor-widget elementor-widget-image\" data-id=\"8f2c7e2\" data-element_type=\"widget\" data-e-type=\"widget\" data-widget_type=\"image.default\">\n\t\t\t\t<div class=\"elementor-widget-container\">\n\t\t\t\t\t\t\t\t\t\t\t\t\t\t\t<img fetchpriority=\"high\" decoding=\"async\" width=\"600\" height=\"597\" src=\"https:\/\/trabada.gal\/wp-content\/uploads\/2024\/10\/ilustracion-2.jpg\" class=\"attachment-large size-large wp-image-6356\" alt=\"\" srcset=\"https:\/\/trabada.gal\/wp-content\/uploads\/2024\/10\/ilustracion-2.jpg 600w, https:\/\/trabada.gal\/wp-content\/uploads\/2024\/10\/ilustracion-2-300x300.jpg 300w, https:\/\/trabada.gal\/wp-content\/uploads\/2024\/10\/ilustracion-2-150x150.jpg 150w, https:\/\/trabada.gal\/wp-content\/uploads\/2024\/10\/ilustracion-2-12x12.jpg 12w, https:\/\/trabada.gal\/wp-content\/uploads\/2024\/10\/ilustracion-2-560x557.jpg 560w, https:\/\/trabada.gal\/wp-content\/uploads\/2024\/10\/ilustracion-2-100x100.jpg 100w\" sizes=\"(max-width: 600px) 100vw, 600px\" \/>\t\t\t\t\t\t\t\t\t\t\t\t\t\t\t<\/div>\n\t\t\t\t<\/div>\n\t\t\t\t\t<\/div>\n\t\t<\/div>\n\t\t\t\t\t<\/div>\n\t\t<\/section>\n\t\t\t\t<\/div>\n\t\t","protected":false},"excerpt":{"rendered":"<p>Unha actividade organizada pola asociaci\u00f3n cultural Veiguello de Vilaform\u00e1n coa colaboraci\u00f3n do Concello de TrabadaO II Encontro de Ilustraci\u00f3n e Natureza xuntou no Teleclube da parroquia de Vilaform\u00e1n aos veci\u00f1os e veci\u00f1as de Trabada cos nenos e nenas do CEIP Celso Curr\u00e1s.Foi unha actividade de convivenvia entre diferentes xeraci\u00f3ns organizada pola asociaci\u00f3n cultural Veiguello de [&hellip;]<\/p>\n","protected":false},"author":2,"featured_media":6355,"comment_status":"closed","ping_status":"closed","sticky":false,"template":"","format":"standard","meta":{"footnotes":""},"categories":[90],"tags":[],"class_list":["post-6354","post","type-post","status-publish","format-standard","has-post-thumbnail","hentry","category-noticias"],"_links":{"self":[{"href":"https:\/\/trabada.gal\/gl\/wp-json\/wp\/v2\/posts\/6354","targetHints":{"allow":["GET"]}}],"collection":[{"href":"https:\/\/trabada.gal\/gl\/wp-json\/wp\/v2\/posts"}],"about":[{"href":"https:\/\/trabada.gal\/gl\/wp-json\/wp\/v2\/types\/post"}],"author":[{"embeddable":true,"href":"https:\/\/trabada.gal\/gl\/wp-json\/wp\/v2\/users\/2"}],"replies":[{"embeddable":true,"href":"https:\/\/trabada.gal\/gl\/wp-json\/wp\/v2\/comments?post=6354"}],"version-history":[{"count":0,"href":"https:\/\/trabada.gal\/gl\/wp-json\/wp\/v2\/posts\/6354\/revisions"}],"wp:featuredmedia":[{"embeddable":true,"href":"https:\/\/trabada.gal\/gl\/wp-json\/wp\/v2\/media\/6355"}],"wp:attachment":[{"href":"https:\/\/trabada.gal\/gl\/wp-json\/wp\/v2\/media?parent=6354"}],"wp:term":[{"taxonomy":"category","embeddable":true,"href":"https:\/\/trabada.gal\/gl\/wp-json\/wp\/v2\/categories?post=6354"},{"taxonomy":"post_tag","embeddable":true,"href":"https:\/\/trabada.gal\/gl\/wp-json\/wp\/v2\/tags?post=6354"}],"curies":[{"name":"wp","href":"https:\/\/api.w.org\/{rel}","templated":true}]}}