{"id":6368,"date":"2024-10-24T07:32:41","date_gmt":"2024-10-24T07:32:41","guid":{"rendered":"https:\/\/trabada.gal\/?p=6368"},"modified":"2024-10-24T07:35:08","modified_gmt":"2024-10-24T07:35:08","slug":"o-concello-de-trabada-acolle-un-novo-ciclo-de-teatro-na-sala-da-cultura-con-oito-obras-de-novembro-a-xuno-2","status":"publish","type":"post","link":"https:\/\/trabada.gal\/gl\/2024\/10\/24\/o-concello-de-trabada-acolle-un-novo-ciclo-de-teatro-na-sala-da-cultura-con-oito-obras-de-novembro-a-xuno-2\/","title":{"rendered":"O CONCELLO DE TRABADA ACOLLE UN NOVO CICLO DE TEATRO NA SALA DA CULTURA CON OITO OBRAS DE NOVEMBRO A XU\u00d1O"},"content":{"rendered":"<div data-elementor-type=\"wp-post\" data-elementor-id=\"6368\" class=\"elementor elementor-6368\">\n\t\t\t\t\t\t<section class=\"elementor-section elementor-top-section elementor-element elementor-element-9d55206 elementor-section-boxed elementor-section-height-default elementor-section-height-default\" data-id=\"9d55206\" data-element_type=\"section\" data-e-type=\"section\">\n\t\t\t\t\t\t<div class=\"elementor-container elementor-column-gap-default\">\n\t\t\t\t\t<div class=\"elementor-column elementor-col-100 elementor-top-column elementor-element elementor-element-b94a762\" data-id=\"b94a762\" data-element_type=\"column\" data-e-type=\"column\">\n\t\t\t<div class=\"elementor-widget-wrap elementor-element-populated\">\n\t\t\t\t\t\t<div class=\"elementor-element elementor-element-43f4f4e elementor-widget elementor-widget-text-editor\" data-id=\"43f4f4e\" data-element_type=\"widget\" data-e-type=\"widget\" data-widget_type=\"text-editor.default\">\n\t\t\t\t<div class=\"elementor-widget-container\">\n\t\t\t\t\t\t\t\t\t<p>\u2018Arte\u2019, de Hip\u00f3crita Teatro, servir\u00e1 para dar comezo o pr\u00f3ximo 2 de novembro aos Ciclos Teatrais 2024\/2025 do Concello de Trabada.<br class=\"html-br\" \/><br class=\"html-br\" \/>O sal\u00f3n de actos da Casa da Cultura acoller\u00e1 unha obra de teatro mensual, con entrada gratu\u00edta e todas o primeiro s\u00e1bado de cada mes \u00e1s 21:00 horas. En decembro, chegar\u00e1 a quenda de \u2018Rosal\u00eda Caf\u00e9\u2019, do grupo A Adala Futura.<br class=\"html-br\" \/><br class=\"html-br\" \/>\u201cUnha nova edici\u00f3n dos nosos ciclos de teatro, que cada vez te\u00f1en unha mellor aceptaci\u00f3n entre os nosos veci\u00f1os e veci\u00f1as, enchendo nalgunha ocasi\u00f3n o sal\u00f3n de actos da Casa da Cultura\u201d, asegura o alcalde de Trabada, Rub\u00e9n Garc\u00eda.<br class=\"html-br\" \/><br class=\"html-br\" \/>\u201cDesta forma, damos continuidade a esta actividade, dentro dunha programaci\u00f3n cultural ao longo do ano con propostas para todas as idades\u201d, engade.\u00a0<\/p><div class=\"x1i10hfl xjbqb8w x1ejq31n xd10rxx x1sy0etr x17r0tee x972fbf xcfux6l x1qhh985 xm0m39n x9f619 x1ypdohk xt0psk2 xe8uvvx xdj266r x11i5rnm xat24cr x1mh8g0r xexx8yu x4uap5 x18d9i69 xkhd6sd x16tdsg8 x1hl2dhg xggy1nq x1a2a7pz x1sur9pj xkrqix3 xzsf02u x1s688f\" tabindex=\"0\" role=\"button\">\u00a0<\/div>\t\t\t\t\t\t\t\t<\/div>\n\t\t\t\t<\/div>\n\t\t\t\t\t<\/div>\n\t\t<\/div>\n\t\t\t\t\t<\/div>\n\t\t<\/section>\n\t\t\t\t<section class=\"elementor-section elementor-top-section elementor-element elementor-element-bb7194e elementor-section-boxed elementor-section-height-default elementor-section-height-default\" data-id=\"bb7194e\" data-element_type=\"section\" data-e-type=\"section\">\n\t\t\t\t\t\t<div class=\"elementor-container elementor-column-gap-default\">\n\t\t\t\t\t<div class=\"elementor-column elementor-col-100 elementor-top-column elementor-element elementor-element-52892b5\" data-id=\"52892b5\" data-element_type=\"column\" data-e-type=\"column\">\n\t\t\t<div class=\"elementor-widget-wrap elementor-element-populated\">\n\t\t\t\t\t\t<div class=\"elementor-element elementor-element-c521ce3 elementor-widget elementor-widget-image\" data-id=\"c521ce3\" data-element_type=\"widget\" data-e-type=\"widget\" data-widget_type=\"image.default\">\n\t\t\t\t<div class=\"elementor-widget-container\">\n\t\t\t\t\t\t\t\t\t\t\t\t\t\t\t<img fetchpriority=\"high\" decoding=\"async\" width=\"1024\" height=\"724\" src=\"https:\/\/trabada.gal\/wp-content\/uploads\/2024\/10\/ciclos-teatrais-1-1024x724.jpg\" class=\"attachment-large size-large wp-image-6369\" alt=\"\" srcset=\"https:\/\/trabada.gal\/wp-content\/uploads\/2024\/10\/ciclos-teatrais-1-1024x724.jpg 1024w, https:\/\/trabada.gal\/wp-content\/uploads\/2024\/10\/ciclos-teatrais-1-300x212.jpg 300w, https:\/\/trabada.gal\/wp-content\/uploads\/2024\/10\/ciclos-teatrais-1-768x543.jpg 768w, https:\/\/trabada.gal\/wp-content\/uploads\/2024\/10\/ciclos-teatrais-1-1536x1086.jpg 1536w, https:\/\/trabada.gal\/wp-content\/uploads\/2024\/10\/ciclos-teatrais-1-18x12.jpg 18w, https:\/\/trabada.gal\/wp-content\/uploads\/2024\/10\/ciclos-teatrais-1-600x424.jpg 600w, https:\/\/trabada.gal\/wp-content\/uploads\/2024\/10\/ciclos-teatrais-1-560x396.jpg 560w, https:\/\/trabada.gal\/wp-content\/uploads\/2024\/10\/ciclos-teatrais-1.jpg 1600w\" sizes=\"(max-width: 1024px) 100vw, 1024px\" \/>\t\t\t\t\t\t\t\t\t\t\t\t\t\t\t<\/div>\n\t\t\t\t<\/div>\n\t\t\t\t\t<\/div>\n\t\t<\/div>\n\t\t\t\t\t<\/div>\n\t\t<\/section>\n\t\t\t\t<\/div>","protected":false},"excerpt":{"rendered":"<p>\u2018Arte\u2019, de Hip\u00f3crita Teatro, servir\u00e1 para dar comezo o pr\u00f3ximo 2 de novembro aos Ciclos Teatrais 2024\/2025 do Concello de Trabada. O sal\u00f3n de actos da Casa da Cultura acoller\u00e1 unha obra de teatro mensual, con entrada gratu\u00edta e todas o primeiro s\u00e1bado de cada mes \u00e1s 21:00 horas. En decembro, chegar\u00e1 a quenda de [&hellip;]<\/p>\n","protected":false},"author":2,"featured_media":6369,"comment_status":"closed","ping_status":"closed","sticky":false,"template":"","format":"standard","meta":{"footnotes":""},"categories":[90],"tags":[],"class_list":["post-6368","post","type-post","status-publish","format-standard","has-post-thumbnail","hentry","category-noticias"],"_links":{"self":[{"href":"https:\/\/trabada.gal\/gl\/wp-json\/wp\/v2\/posts\/6368","targetHints":{"allow":["GET"]}}],"collection":[{"href":"https:\/\/trabada.gal\/gl\/wp-json\/wp\/v2\/posts"}],"about":[{"href":"https:\/\/trabada.gal\/gl\/wp-json\/wp\/v2\/types\/post"}],"author":[{"embeddable":true,"href":"https:\/\/trabada.gal\/gl\/wp-json\/wp\/v2\/users\/2"}],"replies":[{"embeddable":true,"href":"https:\/\/trabada.gal\/gl\/wp-json\/wp\/v2\/comments?post=6368"}],"version-history":[{"count":0,"href":"https:\/\/trabada.gal\/gl\/wp-json\/wp\/v2\/posts\/6368\/revisions"}],"wp:featuredmedia":[{"embeddable":true,"href":"https:\/\/trabada.gal\/gl\/wp-json\/wp\/v2\/media\/6369"}],"wp:attachment":[{"href":"https:\/\/trabada.gal\/gl\/wp-json\/wp\/v2\/media?parent=6368"}],"wp:term":[{"taxonomy":"category","embeddable":true,"href":"https:\/\/trabada.gal\/gl\/wp-json\/wp\/v2\/categories?post=6368"},{"taxonomy":"post_tag","embeddable":true,"href":"https:\/\/trabada.gal\/gl\/wp-json\/wp\/v2\/tags?post=6368"}],"curies":[{"name":"wp","href":"https:\/\/api.w.org\/{rel}","templated":true}]}}