{"id":6374,"date":"2024-10-30T08:31:54","date_gmt":"2024-10-30T08:31:54","guid":{"rendered":"https:\/\/trabada.gal\/?p=6374"},"modified":"2024-10-30T08:35:48","modified_gmt":"2024-10-30T08:35:48","slug":"rematan-as-obras-de-instalacion-das-cubertas-de-fibra-textil-no-parque-infantil-da-rua-de-san-roque","status":"publish","type":"post","link":"https:\/\/trabada.gal\/gl\/2024\/10\/30\/rematan-as-obras-de-instalacion-das-cubertas-de-fibra-textil-no-parque-infantil-da-rua-de-san-roque\/","title":{"rendered":"REMATAN AS OBRAS DE INSTALACI\u00d3N DAS CUBERTAS DE FIBRA TEXTIL NO PARQUE INFANTIL DA R\u00daA SAN ROQUE"},"content":{"rendered":"\t\t<div data-elementor-type=\"wp-post\" data-elementor-id=\"6374\" class=\"elementor elementor-6374\">\n\t\t\t\t\t\t<section class=\"elementor-section elementor-top-section elementor-element elementor-element-ad22f23 elementor-section-boxed elementor-section-height-default elementor-section-height-default\" data-id=\"ad22f23\" data-element_type=\"section\" data-e-type=\"section\">\n\t\t\t\t\t\t<div class=\"elementor-container elementor-column-gap-default\">\n\t\t\t\t\t<div class=\"elementor-column elementor-col-100 elementor-top-column elementor-element elementor-element-59bedd9\" data-id=\"59bedd9\" data-element_type=\"column\" data-e-type=\"column\">\n\t\t\t<div class=\"elementor-widget-wrap elementor-element-populated\">\n\t\t\t\t\t\t<div class=\"elementor-element elementor-element-4062b34 elementor-widget elementor-widget-text-editor\" data-id=\"4062b34\" data-element_type=\"widget\" data-e-type=\"widget\" data-widget_type=\"text-editor.default\">\n\t\t\t\t<div class=\"elementor-widget-container\">\n\t\t\t\t\t\t\t\t\t<div class=\"xdj266r x11i5rnm xat24cr x1mh8g0r x1vvkbs x126k92a\"><div dir=\"auto\"><span class=\"html-span xexx8yu x4uap5 x18d9i69 xkhd6sd x1hl2dhg x16tdsg8 x1vvkbs x3nfvp2 x1j61x8r x1fcty0u xdj266r xat24cr xgzva0m xhhsvwb xxymvpz xlup9mm x1kky2od\"><img decoding=\"async\" class=\"xz74otr\" src=\"https:\/\/static.xx.fbcdn.net\/images\/emoji.php\/v9\/t33\/1\/16\/2705.png\" alt=\"\u2705\" width=\"16\" height=\"16\" \/><\/span> O <span class=\"html-span xdj266r x11i5rnm xat24cr x1mh8g0r xexx8yu x4uap5 x18d9i69 xkhd6sd x1hl2dhg x16tdsg8 x1vvkbs\"><a class=\"x1i10hfl xjbqb8w x1ejq31n xd10rxx x1sy0etr x17r0tee x972fbf xcfux6l x1qhh985 xm0m39n x9f619 x1ypdohk xt0psk2 xe8uvvx xdj266r x11i5rnm xat24cr x1mh8g0r xexx8yu x4uap5 x18d9i69 xkhd6sd x16tdsg8 x1hl2dhg xggy1nq x1a2a7pz x1sur9pj xkrqix3 x1fey0fg xo1l8bm\" tabindex=\"0\" role=\"link\" href=\"https:\/\/www.facebook.com\/profile.php?id=100064695638935&amp;__cft__[0]=AZVTxxsa09YDj-FZJzTn_Kn8bvyMstS5MjchXK947ezlCnjZrya18pT8R0nSiCFXGDD54eOXCIvOUyBlGdVk3XIztrjmEDBgaLaq53m_BQV1EXAtDyC-EWYBwPpq0pUmGSlIi6AYflnkQT4tywhM5jNMOGrCDIf-Y8lUw-tsCoShT9CJ5KMp0AM2GDsSQ1nT140&amp;__tn__=-]K-R\"><span class=\"xt0psk2\">Concello de Trabada<\/span><\/a><\/span> informa do remate das obras de instalaci\u00f3n das cubertas de fibra textil no parque infantil da r\u00faa de San Roque.<\/div><div dir=\"auto\">\u00a0<\/div><\/div><div class=\"x11i5rnm xat24cr x1mh8g0r x1vvkbs xtlvy1s x126k92a\"><div dir=\"auto\">Grazas \u00e1 subvenci\u00f3n tramitada polo goberno municipal, o parque conta cunha cuberta textil para protexer o espazo.<\/div><\/div><div class=\"x11i5rnm xat24cr x1mh8g0r x1vvkbs xtlvy1s x126k92a\"><div dir=\"auto\">O orzamento do proxecto ascendeu a 51.203,14 euros. A axuda solicitada e acadada por parte do Concello de Trabada \u00e1 Xunta de Galicia foi de 35.842,20 euros, mentres que o propio Concello de Trabada aportou 15.360,94 euros.<\/div><div dir=\"auto\">\u00a0<\/div><\/div><div class=\"x11i5rnm xat24cr x1mh8g0r x1vvkbs xtlvy1s x126k92a\"><div dir=\"auto\"><span class=\"html-span xexx8yu x4uap5 x18d9i69 xkhd6sd x1hl2dhg x16tdsg8 x1vvkbs x3nfvp2 x1j61x8r x1fcty0u xdj266r xat24cr xgzva0m xhhsvwb xxymvpz xlup9mm x1kky2od\"><img decoding=\"async\" class=\"xz74otr\" src=\"https:\/\/static.xx.fbcdn.net\/images\/emoji.php\/v9\/t51\/1\/16\/1f449.png\" alt=\"\ud83d\udc49\" width=\"16\" height=\"16\" \/><\/span> \u201cPara fixar poboaci\u00f3n no rural, temos que mellorar de forma continua os servizos e infraestruturas p\u00fablicas, planificando desde o goberno municipal proxectos e solicitando axudas a t\u00f3dalas administraci\u00f3ns para as\u00ed levar a cabo actuaci\u00f3ns en todo o concello\u201d, explica o alcalde de Trabada, Rub\u00e9n Garc\u00eda.<\/div><div dir=\"auto\">\u00a0<\/div><\/div><div class=\"x11i5rnm xat24cr x1mh8g0r x1vvkbs xtlvy1s x126k92a\"><div dir=\"auto\">\u201cContamos desde o concello con novos proxectos e novas actuaci\u00f3s programadas para os vindeiros meses en diferentes parroquias, mellorando as nosas instalaci\u00f3ns e a rede de comunicaci\u00f3n viaria\u201d, engade.<\/div><\/div>\t\t\t\t\t\t\t\t<\/div>\n\t\t\t\t<\/div>\n\t\t\t\t\t<\/div>\n\t\t<\/div>\n\t\t\t\t\t<\/div>\n\t\t<\/section>\n\t\t\t\t<section class=\"elementor-section elementor-top-section elementor-element elementor-element-1708414 elementor-section-boxed elementor-section-height-default elementor-section-height-default\" data-id=\"1708414\" data-element_type=\"section\" data-e-type=\"section\">\n\t\t\t\t\t\t<div class=\"elementor-container elementor-column-gap-default\">\n\t\t\t\t\t<div class=\"elementor-column elementor-col-100 elementor-top-column elementor-element elementor-element-c2e5c4e\" data-id=\"c2e5c4e\" data-element_type=\"column\" data-e-type=\"column\">\n\t\t\t<div class=\"elementor-widget-wrap elementor-element-populated\">\n\t\t\t\t\t\t<div class=\"elementor-element elementor-element-e4bfbca elementor-widget elementor-widget-image\" data-id=\"e4bfbca\" data-element_type=\"widget\" data-e-type=\"widget\" data-widget_type=\"image.default\">\n\t\t\t\t<div class=\"elementor-widget-container\">\n\t\t\t\t\t\t\t\t\t\t\t\t\t\t\t<img fetchpriority=\"high\" decoding=\"async\" width=\"720\" height=\"540\" src=\"https:\/\/trabada.gal\/wp-content\/uploads\/2024\/10\/465031757_967775145388998_7184051316579689623_n-1.jpg\" class=\"attachment-large size-large wp-image-6377\" alt=\"\" srcset=\"https:\/\/trabada.gal\/wp-content\/uploads\/2024\/10\/465031757_967775145388998_7184051316579689623_n-1.jpg 720w, https:\/\/trabada.gal\/wp-content\/uploads\/2024\/10\/465031757_967775145388998_7184051316579689623_n-1-300x225.jpg 300w, https:\/\/trabada.gal\/wp-content\/uploads\/2024\/10\/465031757_967775145388998_7184051316579689623_n-1-16x12.jpg 16w, https:\/\/trabada.gal\/wp-content\/uploads\/2024\/10\/465031757_967775145388998_7184051316579689623_n-1-600x450.jpg 600w, https:\/\/trabada.gal\/wp-content\/uploads\/2024\/10\/465031757_967775145388998_7184051316579689623_n-1-560x420.jpg 560w\" sizes=\"(max-width: 720px) 100vw, 720px\" \/>\t\t\t\t\t\t\t\t\t\t\t\t\t\t\t<\/div>\n\t\t\t\t<\/div>\n\t\t\t\t\t<\/div>\n\t\t<\/div>\n\t\t\t\t\t<\/div>\n\t\t<\/section>\n\t\t\t\t<\/div>\n\t\t","protected":false},"excerpt":{"rendered":"<p>O Concello de Trabada informa do remate das obras de instalaci\u00f3n das cubertas de fibra textil no parque infantil da r\u00faa de San Roque.\u00a0Grazas \u00e1 subvenci\u00f3n tramitada polo goberno municipal, o parque conta cunha cuberta textil para protexer o espazo.O orzamento do proxecto ascendeu a 51.203,14 euros. A axuda solicitada e acadada por parte do [&hellip;]<\/p>\n","protected":false},"author":2,"featured_media":6375,"comment_status":"closed","ping_status":"closed","sticky":false,"template":"","format":"standard","meta":{"footnotes":""},"categories":[90],"tags":[],"class_list":["post-6374","post","type-post","status-publish","format-standard","has-post-thumbnail","hentry","category-noticias"],"_links":{"self":[{"href":"https:\/\/trabada.gal\/gl\/wp-json\/wp\/v2\/posts\/6374","targetHints":{"allow":["GET"]}}],"collection":[{"href":"https:\/\/trabada.gal\/gl\/wp-json\/wp\/v2\/posts"}],"about":[{"href":"https:\/\/trabada.gal\/gl\/wp-json\/wp\/v2\/types\/post"}],"author":[{"embeddable":true,"href":"https:\/\/trabada.gal\/gl\/wp-json\/wp\/v2\/users\/2"}],"replies":[{"embeddable":true,"href":"https:\/\/trabada.gal\/gl\/wp-json\/wp\/v2\/comments?post=6374"}],"version-history":[{"count":0,"href":"https:\/\/trabada.gal\/gl\/wp-json\/wp\/v2\/posts\/6374\/revisions"}],"wp:featuredmedia":[{"embeddable":true,"href":"https:\/\/trabada.gal\/gl\/wp-json\/wp\/v2\/media\/6375"}],"wp:attachment":[{"href":"https:\/\/trabada.gal\/gl\/wp-json\/wp\/v2\/media?parent=6374"}],"wp:term":[{"taxonomy":"category","embeddable":true,"href":"https:\/\/trabada.gal\/gl\/wp-json\/wp\/v2\/categories?post=6374"},{"taxonomy":"post_tag","embeddable":true,"href":"https:\/\/trabada.gal\/gl\/wp-json\/wp\/v2\/tags?post=6374"}],"curies":[{"name":"wp","href":"https:\/\/api.w.org\/{rel}","templated":true}]}}