{"id":6392,"date":"2024-11-05T09:32:04","date_gmt":"2024-11-05T09:32:04","guid":{"rendered":"https:\/\/trabada.gal\/?p=6392"},"modified":"2024-11-05T09:40:13","modified_gmt":"2024-11-05T09:40:13","slug":"segunda-recollida-de-plasticos-agricolas","status":"publish","type":"post","link":"https:\/\/trabada.gal\/gl\/2024\/11\/05\/segunda-recollida-de-plasticos-agricolas\/","title":{"rendered":"SEGUNDA RECOLLIDA DE PLASTICOS AGRICOLAS"},"content":{"rendered":"<div data-elementor-type=\"wp-post\" data-elementor-id=\"6392\" class=\"elementor elementor-6392\">\n\t\t\t\t\t\t<section class=\"elementor-section elementor-top-section elementor-element elementor-element-22949f1 elementor-section-boxed elementor-section-height-default elementor-section-height-default\" data-id=\"22949f1\" data-element_type=\"section\" data-e-type=\"section\">\n\t\t\t\t\t\t<div class=\"elementor-container elementor-column-gap-default\">\n\t\t\t\t\t<div class=\"elementor-column elementor-col-100 elementor-top-column elementor-element elementor-element-6fb7435\" data-id=\"6fb7435\" data-element_type=\"column\" data-e-type=\"column\">\n\t\t\t<div class=\"elementor-widget-wrap elementor-element-populated\">\n\t\t\t\t\t\t<div class=\"elementor-element elementor-element-79fa82f elementor-widget elementor-widget-text-editor\" data-id=\"79fa82f\" data-element_type=\"widget\" data-e-type=\"widget\" data-widget_type=\"text-editor.default\">\n\t\t\t\t<div class=\"elementor-widget-container\">\n\t\t\t\t\t\t\t\t\t<p>A semana do 2 \u00f3 5 de decembro de 2024 dende o Concello, procederase a recollida dos pl\u00e1sticos de procedencia agr\u00edcola.<\/p><p>Para a prestaci\u00f3n deste servizo utilizarase un cami\u00f3n que pasar\u00e1 por aquelas explotaci\u00f3ns agr\u00edcolas que demanden este servizo ben chamando ao n\u00famero de tel\u00e9fono do Concello: 982.135.011 ou de forma presencial nas oficinas municipais, antes do d\u00eda 29 de novembro.<\/p><p>Para facilitar a s\u00faa recollida:<\/p><p>1. Os pl\u00e1sticos deber\u00e1n ser depositados en puntos de f\u00e1cil acceso para o cami\u00f3n.<br \/>2. Deber\u00e1n estar apartados do tendido el\u00e9ctrico e das \u00e1rbores que estorben \u00e1 pluma para a s\u00faa carga.<br \/>3. Deber\u00e1n estar debidamente pregados e atados para facilitar a s\u00faa recollida.<br \/>4. Non deben levar arames nin terra ou area polo medio.<\/p><p>Agradecendo de antem\u00e1n a colaboraci\u00f3n de t\u00f3dolos veci\u00f1os nestas indicaci\u00f3ns.<\/p>\t\t\t\t\t\t\t\t<\/div>\n\t\t\t\t<\/div>\n\t\t\t\t\t<\/div>\n\t\t<\/div>\n\t\t\t\t\t<\/div>\n\t\t<\/section>\n\t\t\t\t<\/div>","protected":false},"excerpt":{"rendered":"<p>A semana do 2 \u00f3 5 de decembro de 2024 dende o Concello, procederase a recollida dos pl\u00e1sticos de procedencia agr\u00edcola. Para a prestaci\u00f3n deste servizo utilizarase un cami\u00f3n que pasar\u00e1 por aquelas explotaci\u00f3ns agr\u00edcolas que demanden este servizo ben chamando ao n\u00famero de tel\u00e9fono do Concello: 982.135.011 ou de forma presencial nas oficinas municipais, [&hellip;]<\/p>\n","protected":false},"author":2,"featured_media":0,"comment_status":"closed","ping_status":"closed","sticky":false,"template":"","format":"standard","meta":{"footnotes":""},"categories":[90],"tags":[],"class_list":["post-6392","post","type-post","status-publish","format-standard","hentry","category-noticias"],"_links":{"self":[{"href":"https:\/\/trabada.gal\/gl\/wp-json\/wp\/v2\/posts\/6392","targetHints":{"allow":["GET"]}}],"collection":[{"href":"https:\/\/trabada.gal\/gl\/wp-json\/wp\/v2\/posts"}],"about":[{"href":"https:\/\/trabada.gal\/gl\/wp-json\/wp\/v2\/types\/post"}],"author":[{"embeddable":true,"href":"https:\/\/trabada.gal\/gl\/wp-json\/wp\/v2\/users\/2"}],"replies":[{"embeddable":true,"href":"https:\/\/trabada.gal\/gl\/wp-json\/wp\/v2\/comments?post=6392"}],"version-history":[{"count":0,"href":"https:\/\/trabada.gal\/gl\/wp-json\/wp\/v2\/posts\/6392\/revisions"}],"wp:attachment":[{"href":"https:\/\/trabada.gal\/gl\/wp-json\/wp\/v2\/media?parent=6392"}],"wp:term":[{"taxonomy":"category","embeddable":true,"href":"https:\/\/trabada.gal\/gl\/wp-json\/wp\/v2\/categories?post=6392"},{"taxonomy":"post_tag","embeddable":true,"href":"https:\/\/trabada.gal\/gl\/wp-json\/wp\/v2\/tags?post=6392"}],"curies":[{"name":"wp","href":"https:\/\/api.w.org\/{rel}","templated":true}]}}