{"id":6405,"date":"2024-11-12T08:43:23","date_gmt":"2024-11-12T08:43:23","guid":{"rendered":"https:\/\/trabada.gal\/?p=6405"},"modified":"2024-11-12T08:47:42","modified_gmt":"2024-11-12T08:47:42","slug":"mercadino-de-nadal","status":"publish","type":"post","link":"https:\/\/trabada.gal\/gl\/2024\/11\/12\/mercadino-de-nadal\/","title":{"rendered":"MERCADI\u00d1O DE NADAL"},"content":{"rendered":"<div data-elementor-type=\"wp-post\" data-elementor-id=\"6405\" class=\"elementor elementor-6405\">\n\t\t\t\t\t\t<section class=\"elementor-section elementor-top-section elementor-element elementor-element-80ad3f7 elementor-section-boxed elementor-section-height-default elementor-section-height-default\" data-id=\"80ad3f7\" data-element_type=\"section\" data-e-type=\"section\">\n\t\t\t\t\t\t<div class=\"elementor-container elementor-column-gap-default\">\n\t\t\t\t\t<div class=\"elementor-column elementor-col-100 elementor-top-column elementor-element elementor-element-88244a3\" data-id=\"88244a3\" data-element_type=\"column\" data-e-type=\"column\">\n\t\t\t<div class=\"elementor-widget-wrap elementor-element-populated\">\n\t\t\t\t\t\t<div class=\"elementor-element elementor-element-c2bf5a5 elementor-widget elementor-widget-text-editor\" data-id=\"c2bf5a5\" data-element_type=\"widget\" data-e-type=\"widget\" data-widget_type=\"text-editor.default\">\n\t\t\t\t<div class=\"elementor-widget-container\">\n\t\t\t\t\t\t\t\t\t<div class=\"xdj266r x11i5rnm xat24cr x1mh8g0r x1vvkbs x126k92a\"><div dir=\"auto\"><span class=\"html-span xexx8yu x4uap5 x18d9i69 xkhd6sd x1hl2dhg x16tdsg8 x1vvkbs x3nfvp2 x1j61x8r x1fcty0u xdj266r xat24cr xgzva0m xhhsvwb xxymvpz xlup9mm x1kky2od\"><img decoding=\"async\" class=\"xz74otr\" src=\"https:\/\/static.xx.fbcdn.net\/images\/emoji.php\/v9\/t7\/1\/16\/1f384.png\" alt=\"\ud83c\udf84\" width=\"16\" height=\"16\" \/><\/span> TRABADA CELEBRA O 21 DE DECEMBRO UN MERCADI\u00d1O DE NADAL CON \u2018PAPANOELADA\u2019 E INCHABLES PARA OS NENOS<\/div><div dir=\"auto\">\u00a0<\/div><\/div><div class=\"x11i5rnm xat24cr x1mh8g0r x1vvkbs xtlvy1s x126k92a\"><div dir=\"auto\"><span class=\"html-span xexx8yu x4uap5 x18d9i69 xkhd6sd x1hl2dhg x16tdsg8 x1vvkbs x3nfvp2 x1j61x8r x1fcty0u xdj266r xat24cr xgzva0m xhhsvwb xxymvpz xlup9mm x1kky2od\"><img decoding=\"async\" class=\"xz74otr\" src=\"https:\/\/static.xx.fbcdn.net\/images\/emoji.php\/v9\/t33\/1\/16\/2705.png\" alt=\"\u2705\" width=\"16\" height=\"16\" \/><\/span> \u201cQueremos que sexa un lugar de encontro para comezar o Nadal da mellor maneira, promocionando ademais os productos locais e artesanais da proximidade\u201d, explica o alcalde, Rub\u00e9n Garc\u00eda.<\/div><div dir=\"auto\">\u00a0<\/div><\/div><div class=\"x11i5rnm xat24cr x1mh8g0r x1vvkbs xtlvy1s x126k92a\"><div dir=\"auto\"><span class=\"html-span xexx8yu x4uap5 x18d9i69 xkhd6sd x1hl2dhg x16tdsg8 x1vvkbs x3nfvp2 x1j61x8r x1fcty0u xdj266r xat24cr xgzva0m xhhsvwb xxymvpz xlup9mm x1kky2od\"><img decoding=\"async\" class=\"xz74otr\" src=\"https:\/\/static.xx.fbcdn.net\/images\/emoji.php\/v9\/t51\/1\/16\/1f449.png\" alt=\"\ud83d\udc49\" width=\"16\" height=\"16\" \/><\/span> Colaboran co concello na s\u00faa organizaci\u00f3n o Motoclube A Cadeira e a asociaci\u00f3n cultural O Picato<\/div><\/div><div class=\"x11i5rnm xat24cr x1mh8g0r x1vvkbs xtlvy1s x126k92a\"><div dir=\"auto\">O Concello de Trabada, coa colaboraci\u00f3n do Motoclube A Cadeira e a asociaci\u00f3n cultural O Picato, organiza o s\u00e1bado 21 e decembro un Mercadi\u00f1o de Nadal con actuaci\u00f3ns musicais e actividades para os nenos e nenas.<\/div><div dir=\"auto\">\u00a0<\/div><\/div><div class=\"x11i5rnm xat24cr x1mh8g0r x1vvkbs xtlvy1s x126k92a\"><div dir=\"auto\">\u201cQueremos que o deste ano sexa un mercadi\u00f1o especial, un lugar de encontro da veci\u00f1anza e os que nos visitan para dar comezo ao Nadal\u201d, asegura o alcalde de Trabada, Rub\u00e9n Garc\u00eda, que presentou o cartel coa tenenta de alcalde, Julia Mar\u00eda Barcia, e representantes do Motoclube A Cadeira e a asociaci\u00f3n O Picato.<\/div><div dir=\"auto\">\u00a0<\/div><\/div><div class=\"x11i5rnm xat24cr x1mh8g0r x1vvkbs xtlvy1s x126k92a\"><div dir=\"auto\">O mercado<span style=\"text-decoration: underline;\">,<\/span> <span style=\"text-decoration: underline;\"><strong>de 12:00 a 20:00<\/strong><\/span> horas na praza do Concello, ter\u00e1 productos locais e artesanais de proximidade, a actuaci\u00f3n da \u2018Coral Entre R\u00edos\u2019, Papanoelada motera con chocolate e biscoito gratis, e a visita de Pap\u00e1 Noel e o Apalpador.<\/div><div dir=\"auto\">\u00a0<\/div><\/div><div class=\"x11i5rnm xat24cr x1mh8g0r x1vvkbs xtlvy1s x126k92a\"><div dir=\"auto\">Ademais, os nenos e nenas ter\u00e1n inchables gratis durante toda a xornada e pintacaras. O concello aproveitar\u00e1 o mercadi\u00f1o para celebrar o encendido das luces do Nadal.<\/div><div dir=\"auto\">\u00a0<\/div><\/div><div class=\"x11i5rnm xat24cr x1mh8g0r x1vvkbs xtlvy1s x126k92a\"><div dir=\"auto\">\u201cSer\u00e1 un s\u00e1bado moi especial, de ambiente de Nadal, encontros e fraternidade ao que convidamos a toda a veci\u00f1anza\u201d, engade o alcalde, Rub\u00e9n Garc\u00eda.<\/div><\/div>\t\t\t\t\t\t\t\t<\/div>\n\t\t\t\t<\/div>\n\t\t\t\t\t<\/div>\n\t\t<\/div>\n\t\t\t\t\t<\/div>\n\t\t<\/section>\n\t\t\t\t<section class=\"elementor-section elementor-top-section elementor-element elementor-element-402c23c elementor-section-boxed elementor-section-height-default elementor-section-height-default\" data-id=\"402c23c\" data-element_type=\"section\" data-e-type=\"section\">\n\t\t\t\t\t\t<div class=\"elementor-container elementor-column-gap-default\">\n\t\t\t\t\t<div class=\"elementor-column elementor-col-100 elementor-top-column elementor-element elementor-element-a409824\" data-id=\"a409824\" data-element_type=\"column\" data-e-type=\"column\">\n\t\t\t<div class=\"elementor-widget-wrap elementor-element-populated\">\n\t\t\t\t\t\t<div class=\"elementor-element elementor-element-dd6d729 elementor-widget elementor-widget-image\" data-id=\"dd6d729\" data-element_type=\"widget\" data-e-type=\"widget\" data-widget_type=\"image.default\">\n\t\t\t\t<div class=\"elementor-widget-container\">\n\t\t\t\t\t\t\t\t\t\t\t\t\t\t\t<img loading=\"lazy\" decoding=\"async\" width=\"1024\" height=\"838\" src=\"https:\/\/trabada.gal\/wp-content\/uploads\/2024\/11\/466151683_977025994463913_3559562965238653832_n-1024x838.jpg\" class=\"attachment-large size-large wp-image-6406\" alt=\"\" srcset=\"https:\/\/trabada.gal\/wp-content\/uploads\/2024\/11\/466151683_977025994463913_3559562965238653832_n-1024x838.jpg 1024w, https:\/\/trabada.gal\/wp-content\/uploads\/2024\/11\/466151683_977025994463913_3559562965238653832_n-300x246.jpg 300w, https:\/\/trabada.gal\/wp-content\/uploads\/2024\/11\/466151683_977025994463913_3559562965238653832_n-768x629.jpg 768w, https:\/\/trabada.gal\/wp-content\/uploads\/2024\/11\/466151683_977025994463913_3559562965238653832_n-1536x1258.jpg 1536w, https:\/\/trabada.gal\/wp-content\/uploads\/2024\/11\/466151683_977025994463913_3559562965238653832_n-15x12.jpg 15w, https:\/\/trabada.gal\/wp-content\/uploads\/2024\/11\/466151683_977025994463913_3559562965238653832_n-600x491.jpg 600w, https:\/\/trabada.gal\/wp-content\/uploads\/2024\/11\/466151683_977025994463913_3559562965238653832_n-560x459.jpg 560w, https:\/\/trabada.gal\/wp-content\/uploads\/2024\/11\/466151683_977025994463913_3559562965238653832_n.jpg 1600w\" sizes=\"(max-width: 1024px) 100vw, 1024px\" \/>\t\t\t\t\t\t\t\t\t\t\t\t\t\t\t<\/div>\n\t\t\t\t<\/div>\n\t\t\t\t\t<\/div>\n\t\t<\/div>\n\t\t\t\t\t<\/div>\n\t\t<\/section>\n\t\t\t\t<section class=\"elementor-section elementor-top-section elementor-element elementor-element-5748b20 elementor-section-boxed elementor-section-height-default elementor-section-height-default\" data-id=\"5748b20\" data-element_type=\"section\" data-e-type=\"section\">\n\t\t\t\t\t\t<div class=\"elementor-container elementor-column-gap-default\">\n\t\t\t\t\t<div class=\"elementor-column elementor-col-100 elementor-top-column elementor-element elementor-element-5ec58e1\" data-id=\"5ec58e1\" data-element_type=\"column\" data-e-type=\"column\">\n\t\t\t<div class=\"elementor-widget-wrap\">\n\t\t\t\t\t\t\t<\/div>\n\t\t<\/div>\n\t\t\t\t\t<\/div>\n\t\t<\/section>\n\t\t\t\t<section class=\"elementor-section elementor-top-section elementor-element elementor-element-e9d4c99 elementor-section-boxed elementor-section-height-default elementor-section-height-default\" data-id=\"e9d4c99\" data-element_type=\"section\" data-e-type=\"section\">\n\t\t\t\t\t\t<div class=\"elementor-container elementor-column-gap-default\">\n\t\t\t\t\t<div class=\"elementor-column elementor-col-100 elementor-top-column elementor-element elementor-element-003c9d2\" data-id=\"003c9d2\" data-element_type=\"column\" data-e-type=\"column\">\n\t\t\t<div class=\"elementor-widget-wrap elementor-element-populated\">\n\t\t\t\t\t\t<div class=\"elementor-element elementor-element-8dcd3dc elementor-widget elementor-widget-image\" data-id=\"8dcd3dc\" data-element_type=\"widget\" data-e-type=\"widget\" data-widget_type=\"image.default\">\n\t\t\t\t<div class=\"elementor-widget-container\">\n\t\t\t\t\t\t\t\t\t\t\t\t\t\t\t<img loading=\"lazy\" decoding=\"async\" width=\"609\" height=\"864\" src=\"https:\/\/trabada.gal\/wp-content\/uploads\/2024\/11\/466633983_977026074463905_7556336013739873122_n.jpg\" class=\"attachment-large size-large wp-image-6407\" alt=\"\" srcset=\"https:\/\/trabada.gal\/wp-content\/uploads\/2024\/11\/466633983_977026074463905_7556336013739873122_n.jpg 609w, https:\/\/trabada.gal\/wp-content\/uploads\/2024\/11\/466633983_977026074463905_7556336013739873122_n-211x300.jpg 211w, https:\/\/trabada.gal\/wp-content\/uploads\/2024\/11\/466633983_977026074463905_7556336013739873122_n-8x12.jpg 8w, https:\/\/trabada.gal\/wp-content\/uploads\/2024\/11\/466633983_977026074463905_7556336013739873122_n-423x600.jpg 423w, https:\/\/trabada.gal\/wp-content\/uploads\/2024\/11\/466633983_977026074463905_7556336013739873122_n-395x560.jpg 395w, https:\/\/trabada.gal\/wp-content\/uploads\/2024\/11\/466633983_977026074463905_7556336013739873122_n-600x851.jpg 600w\" sizes=\"(max-width: 609px) 100vw, 609px\" \/>\t\t\t\t\t\t\t\t\t\t\t\t\t\t\t<\/div>\n\t\t\t\t<\/div>\n\t\t\t\t\t<\/div>\n\t\t<\/div>\n\t\t\t\t\t<\/div>\n\t\t<\/section>\n\t\t\t\t<\/div>","protected":false},"excerpt":{"rendered":"<p>TRABADA CELEBRA O 21 DE DECEMBRO UN MERCADI\u00d1O DE NADAL CON \u2018PAPANOELADA\u2019 E INCHABLES PARA OS NENOS\u00a0 \u201cQueremos que sexa un lugar de encontro para comezar o Nadal da mellor maneira, promocionando ademais os productos locais e artesanais da proximidade\u201d, explica o alcalde, Rub\u00e9n Garc\u00eda.\u00a0 Colaboran co concello na s\u00faa organizaci\u00f3n o Motoclube A Cadeira [&hellip;]<\/p>\n","protected":false},"author":2,"featured_media":6407,"comment_status":"closed","ping_status":"closed","sticky":false,"template":"","format":"standard","meta":{"footnotes":""},"categories":[18,90,1],"tags":[],"class_list":["post-6405","post","type-post","status-publish","format-standard","has-post-thumbnail","hentry","category-cultura","category-noticias","category-trabada"],"_links":{"self":[{"href":"https:\/\/trabada.gal\/gl\/wp-json\/wp\/v2\/posts\/6405","targetHints":{"allow":["GET"]}}],"collection":[{"href":"https:\/\/trabada.gal\/gl\/wp-json\/wp\/v2\/posts"}],"about":[{"href":"https:\/\/trabada.gal\/gl\/wp-json\/wp\/v2\/types\/post"}],"author":[{"embeddable":true,"href":"https:\/\/trabada.gal\/gl\/wp-json\/wp\/v2\/users\/2"}],"replies":[{"embeddable":true,"href":"https:\/\/trabada.gal\/gl\/wp-json\/wp\/v2\/comments?post=6405"}],"version-history":[{"count":0,"href":"https:\/\/trabada.gal\/gl\/wp-json\/wp\/v2\/posts\/6405\/revisions"}],"wp:featuredmedia":[{"embeddable":true,"href":"https:\/\/trabada.gal\/gl\/wp-json\/wp\/v2\/media\/6407"}],"wp:attachment":[{"href":"https:\/\/trabada.gal\/gl\/wp-json\/wp\/v2\/media?parent=6405"}],"wp:term":[{"taxonomy":"category","embeddable":true,"href":"https:\/\/trabada.gal\/gl\/wp-json\/wp\/v2\/categories?post=6405"},{"taxonomy":"post_tag","embeddable":true,"href":"https:\/\/trabada.gal\/gl\/wp-json\/wp\/v2\/tags?post=6405"}],"curies":[{"name":"wp","href":"https:\/\/api.w.org\/{rel}","templated":true}]}}