{"id":6472,"date":"2025-01-27T11:33:56","date_gmt":"2025-01-27T11:33:56","guid":{"rendered":"https:\/\/trabada.gal\/?p=6472"},"modified":"2025-01-27T12:07:23","modified_gmt":"2025-01-27T12:07:23","slug":"solicitada-unha-axuda-para-rehabilitar-a-antiga-escola-de-mestres-de-valboa-de-traba","status":"publish","type":"post","link":"https:\/\/trabada.gal\/gl\/2025\/01\/27\/solicitada-unha-axuda-para-rehabilitar-a-antiga-escola-de-mestres-de-valboa-de-traba\/","title":{"rendered":"Solicitada unha axuda para rehabilitar a antiga escola de mestres de Valboa de Trabada"},"content":{"rendered":"<p>O Concello de Trabada v\u00e9n de solicitar unha subvenci\u00f3n ao Instituto Galego de Vivenda e Solo (IGVS) dentro dunha orde de axudas de concorrencia non competitiva, dirixida \u00e1 rehabilitaci\u00f3n de edifi caci\u00f3ns e vivendas de titularidade municipal destinadas ao alugueiro social. O prazo para presentar solicitudes nesta orde de subvenci\u00f3ns abriuse esta mesma noite, \u00e1s 00:00 horas, e a solicitude do Concello de Trabada foi presentada en tan s\u00f3 7 minutos. Segundo declarou o alcalde, \u00abagardamos acadar esta axuda para rehabilitar esta vivenda e as\u00ed poder ofrecer unha vivenda m\u00e1is destinada ao alugueiro social no noso concello\u00bb.<\/p>\n<p>Nesta ocasi\u00f3n, o proxecto presentado corresponde \u00e1 rehabilitaci\u00f3n da antiga escola de mestres de Valboa. Esta iniciativa enm\u00e1rcase dentro dunha li\u00f1a de actuaci\u00f3n m\u00e1is ampla que o goberno local v\u00e9n desenvolvendo, centrada na reforma de antigas escolas, todas elas dedicadas ao alugueiro social.<br \/>\n\u00abA trav\u00e9s desta acci\u00f3n, procuramos incrementar a dispo\u00f1ibilidade de vivendas sociais no noso concello e, ao mesmo tempo, favorecer o asentamento de nova poboaci\u00f3n no municipio, contribu\u00edndo as\u00ed \u00e1 dinamizaci\u00f3n e crecemento das nosas parroquias\u00bb, afi rmou Rub\u00e9n Garc\u00eda.<\/p>\n<p>O Concello de Trabada contin\u00faa apostando por iniciativas que permitan aproveitar o patrimonio municipal e po\u00f1elo ao servizo da veci\u00f1anza.<\/p>","protected":false},"excerpt":{"rendered":"<p>O Concello de Trabada v\u00e9n de solicitar unha subvenci\u00f3n ao Instituto Galego de Vivenda e Solo (IGVS) dentro dunha orde de axudas de concorrencia non competitiva, dirixida \u00e1 rehabilitaci\u00f3n de edifi caci\u00f3ns e vivendas de titularidade municipal destinadas ao alugueiro social. O prazo para presentar solicitudes nesta orde de subvenci\u00f3ns abriuse esta mesma noite, \u00e1s [&hellip;]<\/p>\n","protected":false},"author":1,"featured_media":6473,"comment_status":"closed","ping_status":"closed","sticky":false,"template":"","format":"standard","meta":{"footnotes":""},"categories":[90],"tags":[],"class_list":["post-6472","post","type-post","status-publish","format-standard","has-post-thumbnail","hentry","category-noticias"],"_links":{"self":[{"href":"https:\/\/trabada.gal\/gl\/wp-json\/wp\/v2\/posts\/6472","targetHints":{"allow":["GET"]}}],"collection":[{"href":"https:\/\/trabada.gal\/gl\/wp-json\/wp\/v2\/posts"}],"about":[{"href":"https:\/\/trabada.gal\/gl\/wp-json\/wp\/v2\/types\/post"}],"author":[{"embeddable":true,"href":"https:\/\/trabada.gal\/gl\/wp-json\/wp\/v2\/users\/1"}],"replies":[{"embeddable":true,"href":"https:\/\/trabada.gal\/gl\/wp-json\/wp\/v2\/comments?post=6472"}],"version-history":[{"count":0,"href":"https:\/\/trabada.gal\/gl\/wp-json\/wp\/v2\/posts\/6472\/revisions"}],"wp:featuredmedia":[{"embeddable":true,"href":"https:\/\/trabada.gal\/gl\/wp-json\/wp\/v2\/media\/6473"}],"wp:attachment":[{"href":"https:\/\/trabada.gal\/gl\/wp-json\/wp\/v2\/media?parent=6472"}],"wp:term":[{"taxonomy":"category","embeddable":true,"href":"https:\/\/trabada.gal\/gl\/wp-json\/wp\/v2\/categories?post=6472"},{"taxonomy":"post_tag","embeddable":true,"href":"https:\/\/trabada.gal\/gl\/wp-json\/wp\/v2\/tags?post=6472"}],"curies":[{"name":"wp","href":"https:\/\/api.w.org\/{rel}","templated":true}]}}