{"id":6605,"date":"2025-01-30T10:22:46","date_gmt":"2025-01-30T09:22:46","guid":{"rendered":"https:\/\/trabada.gal\/?p=6605"},"modified":"2025-01-30T10:24:10","modified_gmt":"2025-01-30T09:24:10","slug":"o-concello-de-trabada-solicita-medidas-urxentes-para-apoiar-a-producion-de-faba-na-marina","status":"publish","type":"post","link":"https:\/\/trabada.gal\/gl\/2025\/01\/30\/o-concello-de-trabada-solicita-medidas-urxentes-para-apoiar-a-producion-de-faba-na-marina\/","title":{"rendered":"O Concello de Trabada solicita medidas urxentes para apoiar a produci\u00f3n de faba na Mari\u00f1a"},"content":{"rendered":"<p><span style=\"font-weight: 400;\">O Concello de Trabada v\u00e9n de trasladar \u00e1 Conseller\u00eda do Medio Rural da Xunta de Galicia a s\u00faa preocupaci\u00f3n pola situaci\u00f3n actual que atravesa a produci\u00f3n de faba na comarca da Mari\u00f1a. Debido a diversos factores adversos a colleita deste 2024 poder\u00eda sufrir perdas de ata un 80% dunha colleita normal.\u00a0\u00a0\u00a0<\/span><\/p>\n<p><span style=\"font-weight: 400;\">O alcalde de Trabada, Rub\u00e9n Garc\u00eda, advirte que esta crise pon en risco a viabilidade dun sector clave para a econom\u00eda local, afectando directamente \u00e1s familias labregas e \u00e1 fixaci\u00f3n da poboaci\u00f3n. Ademais, lembra que o sector xa est\u00e1 lastrado polo envellecemento da poboaci\u00f3n activa e a falta de relevo xeracional.\u00a0\u00a0<\/span><\/p>\n<p><span style=\"font-weight: 400;\">Para paliar esta situaci\u00f3n, o Concello de Trabada mantivo unha reuni\u00f3n co Sindicato Labrego Galego, onde manifestou o seu apoio \u00e1s demandas do sector e solicitou \u00e1 Xunta tres medidas fundamentais:<\/span><\/p>\n<ul>\n<li style=\"font-weight: 400;\" aria-level=\"1\"><span style=\"font-weight: 400;\">Axudas directas para compensar as perdas das persoas produtoras e garantir a viabilidade da campa\u00f1a.\u00a0\u00a0<\/span><\/li>\n<li style=\"font-weight: 400;\" aria-level=\"1\"><span style=\"font-weight: 400;\">Modificaci\u00f3n da axuda da PAC, aumentando a dotaci\u00f3n da li\u00f1a \u00abAxuda \u00e1 produci\u00f3n sostible de prote\u00ednas de orixe vexetal\u00bb<\/span><\/li>\n<li style=\"font-weight: 400;\" aria-level=\"1\"><span style=\"font-weight: 400;\">Creaci\u00f3n dun equipo de traballo que analice o impacto dos cambios climatol\u00f3xicos e o aumento de enfermidades nos cultivos.\u00a0\u00a0<\/span><\/li>\n<\/ul>\n<p><span style=\"font-weight: 400;\">Dende a Alcald\u00eda, reit\u00e9rase o compromiso coa defensa do sector primario e a disposici\u00f3n do Concello para colaborar coa Xunta na procura de soluci\u00f3ns efectivas que garantan o futuro da produci\u00f3n de faba na Mari\u00f1a.<\/span><\/p>","protected":false},"excerpt":{"rendered":"<p>O Concello de Trabada v\u00e9n de trasladar \u00e1 Conseller\u00eda do Medio Rural da Xunta de Galicia a s\u00faa preocupaci\u00f3n pola situaci\u00f3n actual que atravesa a produci\u00f3n de faba na comarca da Mari\u00f1a. Debido a diversos factores adversos a colleita deste 2024 poder\u00eda sufrir perdas de ata un 80% dunha colleita normal.\u00a0\u00a0\u00a0 O alcalde de Trabada, [&hellip;]<\/p>\n","protected":false},"author":1,"featured_media":6606,"comment_status":"closed","ping_status":"closed","sticky":false,"template":"","format":"standard","meta":{"footnotes":""},"categories":[90],"tags":[],"class_list":["post-6605","post","type-post","status-publish","format-standard","has-post-thumbnail","hentry","category-noticias"],"_links":{"self":[{"href":"https:\/\/trabada.gal\/gl\/wp-json\/wp\/v2\/posts\/6605","targetHints":{"allow":["GET"]}}],"collection":[{"href":"https:\/\/trabada.gal\/gl\/wp-json\/wp\/v2\/posts"}],"about":[{"href":"https:\/\/trabada.gal\/gl\/wp-json\/wp\/v2\/types\/post"}],"author":[{"embeddable":true,"href":"https:\/\/trabada.gal\/gl\/wp-json\/wp\/v2\/users\/1"}],"replies":[{"embeddable":true,"href":"https:\/\/trabada.gal\/gl\/wp-json\/wp\/v2\/comments?post=6605"}],"version-history":[{"count":0,"href":"https:\/\/trabada.gal\/gl\/wp-json\/wp\/v2\/posts\/6605\/revisions"}],"wp:featuredmedia":[{"embeddable":true,"href":"https:\/\/trabada.gal\/gl\/wp-json\/wp\/v2\/media\/6606"}],"wp:attachment":[{"href":"https:\/\/trabada.gal\/gl\/wp-json\/wp\/v2\/media?parent=6605"}],"wp:term":[{"taxonomy":"category","embeddable":true,"href":"https:\/\/trabada.gal\/gl\/wp-json\/wp\/v2\/categories?post=6605"},{"taxonomy":"post_tag","embeddable":true,"href":"https:\/\/trabada.gal\/gl\/wp-json\/wp\/v2\/tags?post=6605"}],"curies":[{"name":"wp","href":"https:\/\/api.w.org\/{rel}","templated":true}]}}