{"id":6637,"date":"2025-02-13T14:09:52","date_gmt":"2025-02-13T13:09:52","guid":{"rendered":"https:\/\/trabada.gal\/?p=6637"},"modified":"2025-02-27T15:51:33","modified_gmt":"2025-02-27T14:51:33","slug":"o-concello-de-trabada-organiza-unha-viaxe-a-astorga-leon-as-medulas-e-ponferrada-para-a-vecinanza","status":"publish","type":"post","link":"https:\/\/trabada.gal\/gl\/2025\/02\/13\/o-concello-de-trabada-organiza-unha-viaxe-a-astorga-leon-as-medulas-e-ponferrada-para-a-vecinanza\/","title":{"rendered":"O Concello de Trabada organiza unha viaxe a Astorga, Le\u00f3n, As M\u00e9dulas e Ponferrada para a veci\u00f1anza"},"content":{"rendered":"<p><span style=\"font-weight: 400;\">O programa Viaxa co Concello de Trabada promove o turismo cultural cunha nova viaxe organizada para os pr\u00f3ximos d\u00edas 29 e 30 de marzo. A actividade est\u00e1 destinada aos veci\u00f1os e veci\u00f1as empadroados no municipio maiores de idade e ofrece unha oportunidade excepcional para descubrir importantes enclaves patrimoniais e culturais.<\/span><\/p>\n<p><span style=\"font-weight: 400;\">O prezo da viaxe \u00e9 de 165\u20ac por persoa e incl\u00fae visitas guiadas ao Palacio de Gaud\u00ed en Astorga, \u00f3 museo e \u00e1 Catedral de Astorga, As M\u00e9dulas e o Castelo dos Templarios de Ponferrada. Ademais, est\u00e1n cubertos os gastos de comidas e cea, con aloxamento nun hotel de 4 estrelas en Le\u00f3n e seguro de viaxe.<\/span><\/p>\n<p><span style=\"font-weight: 400;\">Segundo o alcalde de Trabada, Rub\u00e9n Garc\u00eda, \u00abo obxectivo desta proposta \u00e9 facilitarlle \u00e1 veci\u00f1anza a posibilidade de co\u00f1ecer diferentes lugares do noso pa\u00eds con t\u00f3dalas comodidades e cunha planificaci\u00f3n detallada da viaxe\u00bb.<\/span><\/p>\n<p><span style=\"font-weight: 400;\">As persoas interesadas poder\u00e1n formalizar a s\u00faa inscrici\u00f3n e realizar o pagamento nas oficinas municipais ata o 12 de marzo. No caso de que queden prazas dispo\u00f1ibles tras esta data, poder\u00e1n acudir persoas con familiares empadroados en Trabada.<\/span><\/p>","protected":false},"excerpt":{"rendered":"<p>O programa Viaxa co Concello de Trabada promove o turismo cultural cunha nova viaxe organizada para os pr\u00f3ximos d\u00edas 29 e 30 de marzo. A actividade est\u00e1 destinada aos veci\u00f1os e veci\u00f1as empadroados no municipio maiores de idade e ofrece unha oportunidade excepcional para descubrir importantes enclaves patrimoniais e culturais. O prezo da viaxe \u00e9 [&hellip;]<\/p>\n","protected":false},"author":1,"featured_media":6638,"comment_status":"closed","ping_status":"closed","sticky":false,"template":"","format":"standard","meta":{"footnotes":""},"categories":[90],"tags":[],"class_list":["post-6637","post","type-post","status-publish","format-standard","has-post-thumbnail","hentry","category-noticias"],"_links":{"self":[{"href":"https:\/\/trabada.gal\/gl\/wp-json\/wp\/v2\/posts\/6637","targetHints":{"allow":["GET"]}}],"collection":[{"href":"https:\/\/trabada.gal\/gl\/wp-json\/wp\/v2\/posts"}],"about":[{"href":"https:\/\/trabada.gal\/gl\/wp-json\/wp\/v2\/types\/post"}],"author":[{"embeddable":true,"href":"https:\/\/trabada.gal\/gl\/wp-json\/wp\/v2\/users\/1"}],"replies":[{"embeddable":true,"href":"https:\/\/trabada.gal\/gl\/wp-json\/wp\/v2\/comments?post=6637"}],"version-history":[{"count":0,"href":"https:\/\/trabada.gal\/gl\/wp-json\/wp\/v2\/posts\/6637\/revisions"}],"wp:featuredmedia":[{"embeddable":true,"href":"https:\/\/trabada.gal\/gl\/wp-json\/wp\/v2\/media\/6638"}],"wp:attachment":[{"href":"https:\/\/trabada.gal\/gl\/wp-json\/wp\/v2\/media?parent=6637"}],"wp:term":[{"taxonomy":"category","embeddable":true,"href":"https:\/\/trabada.gal\/gl\/wp-json\/wp\/v2\/categories?post=6637"},{"taxonomy":"post_tag","embeddable":true,"href":"https:\/\/trabada.gal\/gl\/wp-json\/wp\/v2\/tags?post=6637"}],"curies":[{"name":"wp","href":"https:\/\/api.w.org\/{rel}","templated":true}]}}