{"id":6642,"date":"2025-02-14T18:53:23","date_gmt":"2025-02-14T17:53:23","guid":{"rendered":"https:\/\/trabada.gal\/?p=6642"},"modified":"2025-02-27T18:54:35","modified_gmt":"2025-02-27T17:54:35","slug":"visita-da-asociacion-saude-mental-a-marina-ao-concello-de-trabada","status":"publish","type":"post","link":"https:\/\/trabada.gal\/gl\/2025\/02\/14\/visita-da-asociacion-saude-mental-a-marina-ao-concello-de-trabada\/","title":{"rendered":"Visita da Asociaci\u00f3n Sa\u00fade Mental A Mari\u00f1a ao Concello de Trabada"},"content":{"rendered":"<p><span style=\"font-weight: 400;\">O Concello de Trabada recibiu onte a visita da Asociaci\u00f3n Sa\u00fade Mental A Mari\u00f1a, nunha xornada de intercambio e colaboraci\u00f3n que resultou moi agradable e produtiva. Durante o encontro abord\u00e1ronse os distintos proxectos que ambas entidades desenvolven en conxunto. Un deles \u00e9 a elaboraci\u00f3n das tradicionais cuncas da Enfari\u00f1ada, evento que se celebrar\u00e1 o vindeiro 4 de maio. Como en anos anteriores, a Asociaci\u00f3n Sa\u00fade Mental A Mari\u00f1a encargarase da s\u00faa creaci\u00f3n, mantendo viva esta tradici\u00f3n tan especial para o municipio.<\/span><\/p>\n<p><span style=\"font-weight: 400;\">O alcalde de Trabada, Rub\u00e9n Garc\u00eda, quen recibiu aos representantes da asociaci\u00f3n, destacou a importancia desta colaboraci\u00f3n afirmando que \u00abpara min \u00e9 un orgullo colaborar desta forma con esta asociaci\u00f3n que fan un traballo fant\u00e1stico e que sempre son benvidos no noso concello\u00bb.<\/span><\/p>\n<p><span style=\"font-weight: 400;\">Desde o Concello de Trabada queremos agradecer a visita da Asociaci\u00f3n Sa\u00fade Mental A Mari\u00f1a e reafirmamos o noso compromiso de seguir traballando conxuntamente en proxectos que favorezan a inclusi\u00f3n e o desenvolvemento social no noso municipio.<\/span><\/p>","protected":false},"excerpt":{"rendered":"<p>O Concello de Trabada recibiu onte a visita da Asociaci\u00f3n Sa\u00fade Mental A Mari\u00f1a, nunha xornada de intercambio e colaboraci\u00f3n que resultou moi agradable e produtiva. Durante o encontro abord\u00e1ronse os distintos proxectos que ambas entidades desenvolven en conxunto. Un deles \u00e9 a elaboraci\u00f3n das tradicionais cuncas da Enfari\u00f1ada, evento que se celebrar\u00e1 o vindeiro [&hellip;]<\/p>\n","protected":false},"author":1,"featured_media":6643,"comment_status":"closed","ping_status":"closed","sticky":false,"template":"","format":"standard","meta":{"footnotes":""},"categories":[90],"tags":[],"class_list":["post-6642","post","type-post","status-publish","format-standard","has-post-thumbnail","hentry","category-noticias"],"_links":{"self":[{"href":"https:\/\/trabada.gal\/gl\/wp-json\/wp\/v2\/posts\/6642","targetHints":{"allow":["GET"]}}],"collection":[{"href":"https:\/\/trabada.gal\/gl\/wp-json\/wp\/v2\/posts"}],"about":[{"href":"https:\/\/trabada.gal\/gl\/wp-json\/wp\/v2\/types\/post"}],"author":[{"embeddable":true,"href":"https:\/\/trabada.gal\/gl\/wp-json\/wp\/v2\/users\/1"}],"replies":[{"embeddable":true,"href":"https:\/\/trabada.gal\/gl\/wp-json\/wp\/v2\/comments?post=6642"}],"version-history":[{"count":0,"href":"https:\/\/trabada.gal\/gl\/wp-json\/wp\/v2\/posts\/6642\/revisions"}],"wp:featuredmedia":[{"embeddable":true,"href":"https:\/\/trabada.gal\/gl\/wp-json\/wp\/v2\/media\/6643"}],"wp:attachment":[{"href":"https:\/\/trabada.gal\/gl\/wp-json\/wp\/v2\/media?parent=6642"}],"wp:term":[{"taxonomy":"category","embeddable":true,"href":"https:\/\/trabada.gal\/gl\/wp-json\/wp\/v2\/categories?post=6642"},{"taxonomy":"post_tag","embeddable":true,"href":"https:\/\/trabada.gal\/gl\/wp-json\/wp\/v2\/tags?post=6642"}],"curies":[{"name":"wp","href":"https:\/\/api.w.org\/{rel}","templated":true}]}}