{"id":6649,"date":"2025-02-21T11:48:57","date_gmt":"2025-02-21T10:48:57","guid":{"rendered":"https:\/\/trabada.gal\/?p=6649"},"modified":"2025-02-28T09:52:17","modified_gmt":"2025-02-28T08:52:17","slug":"o-concello-de-trabada-solicita-unha-subvencion-para-mellorar-o-miradoiro-da-area-recreativa-de-a-choza","status":"publish","type":"post","link":"https:\/\/trabada.gal\/gl\/2025\/02\/21\/o-concello-de-trabada-solicita-unha-subvencion-para-mellorar-o-miradoiro-da-area-recreativa-de-a-choza\/","title":{"rendered":"O Concello de Trabada solicita unha subvenci\u00f3n para mellorar o miradoiro da \u00c1rea recreativa de A Choza"},"content":{"rendered":"<p><span style=\"font-weight: 400;\">O Concello de Trabada v\u00e9n de presentar unha solicitude \u00e1 Axencia de Turismo de Galicia para obter unha subvenci\u00f3n destinada \u00e1 mellora e recuperaci\u00f3n de infraestruturas tur\u00edsticas. O proxecto, que conta cun orzamento de 30.000 euros, c\u00e9ntrase na adecuaci\u00f3n, recuperaci\u00f3n e tratamento paisax\u00edstico do miradoiro da \u00c1rea recreativa de A Choza.<\/span><\/p>\n<p><span style=\"font-weight: 400;\">Segundo explicou o alcalde, Rub\u00e9n Garc\u00eda, \u201ccon esta actuaci\u00f3n queremos mellorar a \u00e1rea da Choza, renovando mesas, papeleiras, varandas e diferentes instalaci\u00f3ns, garantindo as\u00ed un espazo m\u00e1is accesible e en mellores condici\u00f3ns para veci\u00f1os e visitantes\u201d.<\/span><\/p>\n<p><span style=\"font-weight: 400;\">A convocatoria desta axuda foi publicada onte, xoves, en r\u00e9xime de concorrencia non competitiva, o que implica que as solicitudes se conceden por orde de entrada ata esgotar o cr\u00e9dito dispo\u00f1ible. O Concello de Trabada presentou a s\u00faa solicitude hoxe \u00e1s 12:02, apenas dous minutos despois da apertura do prazo.<\/span><\/p>\n<p><span style=\"font-weight: 400;\">Rub\u00e9n Garc\u00eda destacou a importancia de contar cunha planificaci\u00f3n previa para poder acceder a este tipo de subvenci\u00f3ns: \u201cEstas axudas requiren unha resposta inmediata, xa que en poucos minutos o cr\u00e9dito esg\u00f3tase. Grazas a un traballo previo podemos presentar as solicitudes con rapidez e optar a estas importantes axudas para mellorar o noso municipio\u201d.<\/span><\/p>\n<p><span style=\"font-weight: 400;\">O Concello de Trabada contin\u00faa as\u00ed apostando pola mellora das s\u00faas infraestruturas e espazos naturais, coa vista posta no desenvolvemento tur\u00edstico sostible e na mellora da calidade de vida dos seus veci\u00f1os e visitantes.<\/span><\/p>","protected":false},"excerpt":{"rendered":"<p>O Concello de Trabada v\u00e9n de presentar unha solicitude \u00e1 Axencia de Turismo de Galicia para obter unha subvenci\u00f3n destinada \u00e1 mellora e recuperaci\u00f3n de infraestruturas tur\u00edsticas. O proxecto, que conta cun orzamento de 30.000 euros, c\u00e9ntrase na adecuaci\u00f3n, recuperaci\u00f3n e tratamento paisax\u00edstico do miradoiro da \u00c1rea recreativa de A Choza. Segundo explicou o alcalde, [&hellip;]<\/p>\n","protected":false},"author":1,"featured_media":6650,"comment_status":"closed","ping_status":"closed","sticky":false,"template":"","format":"standard","meta":{"footnotes":""},"categories":[90],"tags":[],"class_list":["post-6649","post","type-post","status-publish","format-standard","has-post-thumbnail","hentry","category-noticias"],"_links":{"self":[{"href":"https:\/\/trabada.gal\/gl\/wp-json\/wp\/v2\/posts\/6649","targetHints":{"allow":["GET"]}}],"collection":[{"href":"https:\/\/trabada.gal\/gl\/wp-json\/wp\/v2\/posts"}],"about":[{"href":"https:\/\/trabada.gal\/gl\/wp-json\/wp\/v2\/types\/post"}],"author":[{"embeddable":true,"href":"https:\/\/trabada.gal\/gl\/wp-json\/wp\/v2\/users\/1"}],"replies":[{"embeddable":true,"href":"https:\/\/trabada.gal\/gl\/wp-json\/wp\/v2\/comments?post=6649"}],"version-history":[{"count":0,"href":"https:\/\/trabada.gal\/gl\/wp-json\/wp\/v2\/posts\/6649\/revisions"}],"wp:featuredmedia":[{"embeddable":true,"href":"https:\/\/trabada.gal\/gl\/wp-json\/wp\/v2\/media\/6650"}],"wp:attachment":[{"href":"https:\/\/trabada.gal\/gl\/wp-json\/wp\/v2\/media?parent=6649"}],"wp:term":[{"taxonomy":"category","embeddable":true,"href":"https:\/\/trabada.gal\/gl\/wp-json\/wp\/v2\/categories?post=6649"},{"taxonomy":"post_tag","embeddable":true,"href":"https:\/\/trabada.gal\/gl\/wp-json\/wp\/v2\/tags?post=6649"}],"curies":[{"name":"wp","href":"https:\/\/api.w.org\/{rel}","templated":true}]}}