{"id":6665,"date":"2025-03-05T11:05:56","date_gmt":"2025-03-05T10:05:56","guid":{"rendered":"https:\/\/trabada.gal\/?p=6665"},"modified":"2025-03-05T11:19:46","modified_gmt":"2025-03-05T10:19:46","slug":"continuan-os-cursos-de-formacion-organizados-pola-asociacion-de-vecinos-san-julian-de-sante-coa-colaboracion-do-concello-de-trabada","status":"publish","type":"post","link":"https:\/\/trabada.gal\/gl\/2025\/03\/05\/continuan-os-cursos-de-formacion-organizados-pola-asociacion-de-vecinos-san-julian-de-sante-coa-colaboracion-do-concello-de-trabada\/","title":{"rendered":"Contin\u00faan os cursos de formaci\u00f3n organizados pola Asociaci\u00f3n de Veci\u00f1os San Juli\u00e1n de Sante coa colaboraci\u00f3n do Concello de Trabada"},"content":{"rendered":"<p>A Asociaci\u00f3n de Veci\u00f1os San Juli\u00e1n de Sante contin\u00faa co seu ciclo de formaci\u00f3n centrado no desenvolvemento e aproveitamento da froita. Dentro deste programa, o vindeiro 8 de marzo celebrarase un curso de enxerto no Teleclub de Sante en horario de 10:00 a 19:30 horas.<\/p>\n<p>Esta xornada est\u00e1 dese\u00f1ada para ensinar t\u00e9cnicas de enxerto que permitan mellorar o desenvolvemento e a produtividade das \u00e1rbores froiteiras. A formaci\u00f3n ser\u00e1 impartida por expertos na materia e combinar\u00e1 explicaci\u00f3ns te\u00f3ricas con demostraci\u00f3ns pr\u00e1cticas para que os participantes poidan aprender de forma aplicada.<\/p>\n<p>O curso enm\u00e1rcase dentro do ciclo formativo que xa contou cun de poda e que continuar\u00e1 con formaci\u00f3ns en apicultura e elaboraci\u00f3n de marmeladas, completando as\u00ed unha proposta integral para fomentar o co\u00f1ecemento e aproveitamento dos recursos naturais.<\/p>\n<p>O alcalde de Trabada, Rub\u00e9n Garc\u00eda, salientou a importancia destas iniciativas que contrib\u00faen a dinamizar o concello e a ofrecer novas oportunidades de aprendizaxe para a veci\u00f1anza. As\u00ed mesmo, reafirmou o compromiso do Concello de Trabada en seguir apoiando proxectos que favorezan o desenvolvemento rural e a sustentabilidade.<\/p>","protected":false},"excerpt":{"rendered":"<p>A Asociaci\u00f3n de Veci\u00f1os San Juli\u00e1n de Sante contin\u00faa co seu ciclo de formaci\u00f3n centrado no desenvolvemento e aproveitamento da froita. Dentro deste programa, o vindeiro 8 de marzo celebrarase un curso de enxerto no Teleclub de Sante en horario de 10:00 a 19:30 horas. Esta xornada est\u00e1 dese\u00f1ada para ensinar t\u00e9cnicas de enxerto que [&hellip;]<\/p>\n","protected":false},"author":1,"featured_media":6666,"comment_status":"closed","ping_status":"closed","sticky":false,"template":"","format":"standard","meta":{"footnotes":""},"categories":[90],"tags":[],"class_list":["post-6665","post","type-post","status-publish","format-standard","has-post-thumbnail","hentry","category-noticias"],"_links":{"self":[{"href":"https:\/\/trabada.gal\/gl\/wp-json\/wp\/v2\/posts\/6665","targetHints":{"allow":["GET"]}}],"collection":[{"href":"https:\/\/trabada.gal\/gl\/wp-json\/wp\/v2\/posts"}],"about":[{"href":"https:\/\/trabada.gal\/gl\/wp-json\/wp\/v2\/types\/post"}],"author":[{"embeddable":true,"href":"https:\/\/trabada.gal\/gl\/wp-json\/wp\/v2\/users\/1"}],"replies":[{"embeddable":true,"href":"https:\/\/trabada.gal\/gl\/wp-json\/wp\/v2\/comments?post=6665"}],"version-history":[{"count":0,"href":"https:\/\/trabada.gal\/gl\/wp-json\/wp\/v2\/posts\/6665\/revisions"}],"wp:featuredmedia":[{"embeddable":true,"href":"https:\/\/trabada.gal\/gl\/wp-json\/wp\/v2\/media\/6666"}],"wp:attachment":[{"href":"https:\/\/trabada.gal\/gl\/wp-json\/wp\/v2\/media?parent=6665"}],"wp:term":[{"taxonomy":"category","embeddable":true,"href":"https:\/\/trabada.gal\/gl\/wp-json\/wp\/v2\/categories?post=6665"},{"taxonomy":"post_tag","embeddable":true,"href":"https:\/\/trabada.gal\/gl\/wp-json\/wp\/v2\/tags?post=6665"}],"curies":[{"name":"wp","href":"https:\/\/api.w.org\/{rel}","templated":true}]}}