{"id":6732,"date":"2025-03-28T08:48:30","date_gmt":"2025-03-28T07:48:30","guid":{"rendered":"https:\/\/trabada.gal\/?p=6732"},"modified":"2025-03-28T08:48:30","modified_gmt":"2025-03-28T07:48:30","slug":"o-concello-de-trabada-e-a-asociacion-trabada-paso-a-paso-convidan-a-descubrir-a-natureza-do-municipio-na-segunda-ruta-de-conece-trabada-que-sera-o-13-de-abril","status":"publish","type":"post","link":"https:\/\/trabada.gal\/gl\/2025\/03\/28\/o-concello-de-trabada-e-a-asociacion-trabada-paso-a-paso-convidan-a-descubrir-a-natureza-do-municipio-na-segunda-ruta-de-conece-trabada-que-sera-o-13-de-abril\/","title":{"rendered":"O Concello de Trabada e a Asociaci\u00f3n \u00abTrabada paso a paso\u00bb convidan a descubrir a natureza do municipio na segunda ruta de Co\u00f1ece Trabada que ser\u00e1 o 13 de abril"},"content":{"rendered":"<p><span style=\"font-weight: 400;\">O Concello de Trabada e a asociaci\u00f3n Trabada paso a paso, contin\u00faan co ciclo de roteiros \u00abCo\u00f1ece Trabada\u00bb cunha nova andaina programada para o domingo 13 de abril. Nesta ocasi\u00f3n, a ruta percorrer\u00e1 o treito comprendido entre O Castro e a R\u00eda de Abres, cunha distancia total de 8 quil\u00f3metros e unha dificultade baixa, apta para todos os p\u00fablicos.<\/span><\/p>\n<p><span style=\"font-weight: 400;\">A sa\u00edda ter\u00e1 lugar \u00e1s 10:00 horas dende a Praza do Concello de Trabada, e ao remate da cami\u00f1ada, os participantes poder\u00e1n desfrutar do xa tradicional TapEO de Trabada, ofrecido nos bares do municipio.<\/span><\/p>\n<p><span style=\"font-weight: 400;\">O alcalde de Trabada, Rub\u00e9n Garc\u00eda, destacou a importancia desta iniciativa para dar a co\u00f1ecer o patrimonio natural da zona: \u201cSeguimos apostando por actividades que nos permitan gozar do noso entorno e po\u00f1er en valor os nosos cami\u00f1os e paisaxes. Esta segunda ruta ser\u00e1 unha nova oportunidade para que veci\u00f1os e visitantes descubran a riqueza do noso municipio e, ao mesmo tempo, dinamizar a hostalar\u00eda local\u201d.<\/span><\/p>\n<p><span style=\"font-weight: 400;\">A participaci\u00f3n nesta actividade \u00e9 gratu\u00edta, pero \u00e9 necesario inscribirse previamente antes do 9 de abril nas oficinas municipais ou chamando ao 982135011. Ademais, lembramos que \u00e9 obrigatorio o uso de chaleco reflectante para garantir a seguridade dos cami\u00f1antes.<\/span><\/p>\n<p><span style=\"font-weight: 400;\">Desde o Concello e a asociaci\u00f3n \u00abTrabada paso a paso\u00bb animamos a toda a veci\u00f1anza e visitantes a participar nesta nova ruta e descubrir os encantos do noso territorio paso a paso.<\/span><\/p>","protected":false},"excerpt":{"rendered":"<p>O Concello de Trabada e a asociaci\u00f3n Trabada paso a paso, contin\u00faan co ciclo de roteiros \u00abCo\u00f1ece Trabada\u00bb cunha nova andaina programada para o domingo 13 de abril. Nesta ocasi\u00f3n, a ruta percorrer\u00e1 o treito comprendido entre O Castro e a R\u00eda de Abres, cunha distancia total de 8 quil\u00f3metros e unha dificultade baixa, apta [&hellip;]<\/p>\n","protected":false},"author":1,"featured_media":6733,"comment_status":"closed","ping_status":"closed","sticky":false,"template":"","format":"standard","meta":{"footnotes":""},"categories":[90],"tags":[],"class_list":["post-6732","post","type-post","status-publish","format-standard","has-post-thumbnail","hentry","category-noticias"],"_links":{"self":[{"href":"https:\/\/trabada.gal\/gl\/wp-json\/wp\/v2\/posts\/6732","targetHints":{"allow":["GET"]}}],"collection":[{"href":"https:\/\/trabada.gal\/gl\/wp-json\/wp\/v2\/posts"}],"about":[{"href":"https:\/\/trabada.gal\/gl\/wp-json\/wp\/v2\/types\/post"}],"author":[{"embeddable":true,"href":"https:\/\/trabada.gal\/gl\/wp-json\/wp\/v2\/users\/1"}],"replies":[{"embeddable":true,"href":"https:\/\/trabada.gal\/gl\/wp-json\/wp\/v2\/comments?post=6732"}],"version-history":[{"count":0,"href":"https:\/\/trabada.gal\/gl\/wp-json\/wp\/v2\/posts\/6732\/revisions"}],"wp:featuredmedia":[{"embeddable":true,"href":"https:\/\/trabada.gal\/gl\/wp-json\/wp\/v2\/media\/6733"}],"wp:attachment":[{"href":"https:\/\/trabada.gal\/gl\/wp-json\/wp\/v2\/media?parent=6732"}],"wp:term":[{"taxonomy":"category","embeddable":true,"href":"https:\/\/trabada.gal\/gl\/wp-json\/wp\/v2\/categories?post=6732"},{"taxonomy":"post_tag","embeddable":true,"href":"https:\/\/trabada.gal\/gl\/wp-json\/wp\/v2\/tags?post=6732"}],"curies":[{"name":"wp","href":"https:\/\/api.w.org\/{rel}","templated":true}]}}