{"id":6742,"date":"2025-04-03T13:45:53","date_gmt":"2025-04-03T11:45:53","guid":{"rendered":"https:\/\/trabada.gal\/?p=6742"},"modified":"2025-04-03T13:45:53","modified_gmt":"2025-04-03T11:45:53","slug":"trabada-celebrara-unha-gran-festa-o-10-de-maio-con-orquestra-new-york-e-dj-marcos-magan","status":"publish","type":"post","link":"https:\/\/trabada.gal\/gl\/2025\/04\/03\/trabada-celebrara-unha-gran-festa-o-10-de-maio-con-orquestra-new-york-e-dj-marcos-magan\/","title":{"rendered":"Trabada celebrar\u00e1 unha gran festa o 10 de maio con Orquestra New York e DJ Marcos Mag\u00e1n"},"content":{"rendered":"<p><span style=\"font-weight: 400;\">O Concello de Trabada organiza unha gran festa o vindeiro s\u00e1bado 10 de maio na Praza do Concello, cunha noite de m\u00fasica e diversi\u00f3n para todos os p\u00fablicos maiores de idade. O evento, que comezar\u00e1 \u00e1s 23:00 horas, contar\u00e1 coa actuaci\u00f3n estelar da Orquestra New York, dentro da s\u00faa xira Un paso adelante, e a sesi\u00f3n especial do DJ convidado Marcos Mag\u00e1n. A festa celebrarase nun recinto cuberto con carpa para garantir a comodidade dos asistentes.<\/span><\/p>\n<p><span style=\"font-weight: 400;\">O alcalde de Trabada, Rub\u00e9n Garc\u00eda, destaca a importancia deste evento no calendario festivo local: \u00abEsta festa era antes co\u00f1ecida como a Festa da Xuventude, pero agora est\u00e1 dirixida a todos os p\u00fablicos maiores de idade. Queremos que os nosos veci\u00f1os e veci\u00f1as poidan desfrutar das mellores orquestras nunha data diferente \u00e1s festas patronais, que adoitan ser m\u00e1is complicadas de organizar.\u00bb<\/span><\/p>\n<p><span style=\"font-weight: 400;\">O evento conta coa colaboraci\u00f3n da Comisi\u00f3n de Festas de Trabada,\u00a0 Gaias Eventos e Promociones Art\u00edsticas V\u00e1zquez e promete ser unha noite inesquecible con m\u00fasica en directo, animaci\u00f3n e ambiente festivo.<\/span><\/p>\n<p><span style=\"font-weight: 400;\">Desde o Concello de Trabada, an\u00edmase a toda a veci\u00f1anza e visitantes a asistir e desfrutar desta celebraci\u00f3n.<\/span><\/p>","protected":false},"excerpt":{"rendered":"<p>O Concello de Trabada organiza unha gran festa o vindeiro s\u00e1bado 10 de maio na Praza do Concello, cunha noite de m\u00fasica e diversi\u00f3n para todos os p\u00fablicos maiores de idade. O evento, que comezar\u00e1 \u00e1s 23:00 horas, contar\u00e1 coa actuaci\u00f3n estelar da Orquestra New York, dentro da s\u00faa xira Un paso adelante, e a [&hellip;]<\/p>\n","protected":false},"author":1,"featured_media":6743,"comment_status":"closed","ping_status":"closed","sticky":false,"template":"","format":"standard","meta":{"footnotes":""},"categories":[90],"tags":[],"class_list":["post-6742","post","type-post","status-publish","format-standard","has-post-thumbnail","hentry","category-noticias"],"_links":{"self":[{"href":"https:\/\/trabada.gal\/gl\/wp-json\/wp\/v2\/posts\/6742","targetHints":{"allow":["GET"]}}],"collection":[{"href":"https:\/\/trabada.gal\/gl\/wp-json\/wp\/v2\/posts"}],"about":[{"href":"https:\/\/trabada.gal\/gl\/wp-json\/wp\/v2\/types\/post"}],"author":[{"embeddable":true,"href":"https:\/\/trabada.gal\/gl\/wp-json\/wp\/v2\/users\/1"}],"replies":[{"embeddable":true,"href":"https:\/\/trabada.gal\/gl\/wp-json\/wp\/v2\/comments?post=6742"}],"version-history":[{"count":0,"href":"https:\/\/trabada.gal\/gl\/wp-json\/wp\/v2\/posts\/6742\/revisions"}],"wp:featuredmedia":[{"embeddable":true,"href":"https:\/\/trabada.gal\/gl\/wp-json\/wp\/v2\/media\/6743"}],"wp:attachment":[{"href":"https:\/\/trabada.gal\/gl\/wp-json\/wp\/v2\/media?parent=6742"}],"wp:term":[{"taxonomy":"category","embeddable":true,"href":"https:\/\/trabada.gal\/gl\/wp-json\/wp\/v2\/categories?post=6742"},{"taxonomy":"post_tag","embeddable":true,"href":"https:\/\/trabada.gal\/gl\/wp-json\/wp\/v2\/tags?post=6742"}],"curies":[{"name":"wp","href":"https:\/\/api.w.org\/{rel}","templated":true}]}}