{"id":6745,"date":"2025-04-08T14:08:28","date_gmt":"2025-04-08T12:08:28","guid":{"rendered":"https:\/\/trabada.gal\/?p=6745"},"modified":"2025-04-08T14:08:28","modified_gmt":"2025-04-08T12:08:28","slug":"a-festa-da-enfarinada-contara-con-cuncas-feitas-pola-asociacion-saude-mental-a-marina-grazas-a-colaboracion-co-concello-de-trabada","status":"publish","type":"post","link":"https:\/\/trabada.gal\/gl\/2025\/04\/08\/a-festa-da-enfarinada-contara-con-cuncas-feitas-pola-asociacion-saude-mental-a-marina-grazas-a-colaboracion-co-concello-de-trabada\/","title":{"rendered":"A Festa da Enfari\u00f1ada contar\u00e1 con cuncas feitas pola Asociaci\u00f3n Sa\u00fade Mental A Mari\u00f1a grazas \u00e1 colaboraci\u00f3n co Concello de Trabada"},"content":{"rendered":"<p><span style=\"font-weight: 400;\">O Concello de Trabada anuncia\u00a0 unha nova colaboraci\u00f3n coa Asociaci\u00f3n Sa\u00fade Mental A Mari\u00f1a, no marco da celebraci\u00f3n da Festa da Enfari\u00f1ada, que ter\u00e1 lugar o vindeiro 4 de maio. Neste caso, a achega da asociaci\u00f3n consiste na elaboraci\u00f3n artesanal das cuncas conmemorativas do evento, realizadas polos propios membros da entidade.<\/span><\/p>\n<p><span style=\"font-weight: 400;\">O alcalde de Trabada, Rub\u00e9n Garc\u00eda\u00a0 destacou que: \u201c\u00c9 un orgullo contar unha vez m\u00e1is coa Asociaci\u00f3n Sa\u00fade Mental A Mari\u00f1a. Fan un traballo admirable na nosa comarca, e desde o Concello sempre imos apoialos e colaborar con eles\u201d.<\/span><\/p>\n<p><span style=\"font-weight: 400;\">As cuncas, que xa est\u00e1n listas para a festa, son unha mostra do talento, creatividade e esforzo das persoas usuarias da asociaci\u00f3n. Un xeito de po\u00f1er en valor o seu labor e de seguir constru\u00edndo unha sociedade m\u00e1is inclusiva e comprometida.<\/span><\/p>\n<p><span style=\"font-weight: 400;\">Desde o Concello de Trabada animan a toda a veci\u00f1anza e visitantes a participar na festa e a apoiar esta colaboraci\u00f3n adquirindo as cuncas.\u00a0<\/span><\/p>","protected":false},"excerpt":{"rendered":"<p>O Concello de Trabada anuncia\u00a0 unha nova colaboraci\u00f3n coa Asociaci\u00f3n Sa\u00fade Mental A Mari\u00f1a, no marco da celebraci\u00f3n da Festa da Enfari\u00f1ada, que ter\u00e1 lugar o vindeiro 4 de maio. Neste caso, a achega da asociaci\u00f3n consiste na elaboraci\u00f3n artesanal das cuncas conmemorativas do evento, realizadas polos propios membros da entidade. O alcalde de Trabada, [&hellip;]<\/p>\n","protected":false},"author":1,"featured_media":6746,"comment_status":"closed","ping_status":"closed","sticky":false,"template":"","format":"standard","meta":{"footnotes":""},"categories":[90],"tags":[],"class_list":["post-6745","post","type-post","status-publish","format-standard","has-post-thumbnail","hentry","category-noticias"],"_links":{"self":[{"href":"https:\/\/trabada.gal\/gl\/wp-json\/wp\/v2\/posts\/6745","targetHints":{"allow":["GET"]}}],"collection":[{"href":"https:\/\/trabada.gal\/gl\/wp-json\/wp\/v2\/posts"}],"about":[{"href":"https:\/\/trabada.gal\/gl\/wp-json\/wp\/v2\/types\/post"}],"author":[{"embeddable":true,"href":"https:\/\/trabada.gal\/gl\/wp-json\/wp\/v2\/users\/1"}],"replies":[{"embeddable":true,"href":"https:\/\/trabada.gal\/gl\/wp-json\/wp\/v2\/comments?post=6745"}],"version-history":[{"count":0,"href":"https:\/\/trabada.gal\/gl\/wp-json\/wp\/v2\/posts\/6745\/revisions"}],"wp:featuredmedia":[{"embeddable":true,"href":"https:\/\/trabada.gal\/gl\/wp-json\/wp\/v2\/media\/6746"}],"wp:attachment":[{"href":"https:\/\/trabada.gal\/gl\/wp-json\/wp\/v2\/media?parent=6745"}],"wp:term":[{"taxonomy":"category","embeddable":true,"href":"https:\/\/trabada.gal\/gl\/wp-json\/wp\/v2\/categories?post=6745"},{"taxonomy":"post_tag","embeddable":true,"href":"https:\/\/trabada.gal\/gl\/wp-json\/wp\/v2\/tags?post=6745"}],"curies":[{"name":"wp","href":"https:\/\/api.w.org\/{rel}","templated":true}]}}