{"id":6748,"date":"2025-04-09T13:27:53","date_gmt":"2025-04-09T11:27:53","guid":{"rendered":"https:\/\/trabada.gal\/?p=6748"},"modified":"2025-04-09T13:27:53","modified_gmt":"2025-04-09T11:27:53","slug":"o-concello-de-trabada-reabre-a-bolsa-do-servizo-de-axuda-no-fogar-saf-ante-o-incremento-da-demanda","status":"publish","type":"post","link":"https:\/\/trabada.gal\/gl\/2025\/04\/09\/o-concello-de-trabada-reabre-a-bolsa-do-servizo-de-axuda-no-fogar-saf-ante-o-incremento-da-demanda\/","title":{"rendered":"O Concello de Trabada reabre a bolsa do Servizo de Axuda no Fogar (SAF)  ante o incremento da demanda"},"content":{"rendered":"<p><span style=\"font-weight: 400;\">O Concello de Trabada v\u00e9n de reabrir a bolsa do Servizo de Axuda no Fogar (SAF) co obxectivo de incorporar m\u00e1is profesionais a este servizo, debido ao aumento da demanda que se est\u00e1 a rexistrar no municipio.<\/span><\/p>\n<p><span style=\"font-weight: 400;\">Tal e como explica o alcalde, Rub\u00e9n Garc\u00eda, \u201creabrimos a bolsa do SAF no d\u00eda de hoxe e o prazo para presentar instancias estar\u00e1 aberto ata o vindeiro m\u00e9rcores, 16 de abril. As persoas interesadas poden facer o tr\u00e1mite tanto no rexistro das oficinas municipais como na sede electr\u00f3nica do Concello.\u201d<\/span><\/p>\n<p><span style=\"font-weight: 400;\">O rexedor sinala tam\u00e9n a importancia estrat\u00e9xica que ten este servizo para o benestar da veci\u00f1anza: \u201cCada vez prestamos servizo a m\u00e1is persoas maiores no noso Concello, e temos claro que o SAF \u00e9 un dos principais servizos que ofrecemos. \u00c9 prioritario porque permite que moitos dos nosos maiores poidan seguir vivindo nas s\u00faas casas con atenci\u00f3n e coidados profesionais.\u201d<\/span><\/p>\n<p><span style=\"font-weight: 400;\">Rub\u00e9n Garc\u00eda destaca ademais que o Concello seguir\u00e1 apostando por fortalecer este servizo: \u201cSeguiremos medrando pouco a pouco, incorporando m\u00e1is traballadores e traballadoras para dar resposta \u00e1 demanda crecente. O SAF \u00e9 unha ferramenta fundamental para garantir calidade de vida no rural.\u201d<\/span><\/p>\n<p>&nbsp;<\/p>","protected":false},"excerpt":{"rendered":"<p>O Concello de Trabada v\u00e9n de reabrir a bolsa do Servizo de Axuda no Fogar (SAF) co obxectivo de incorporar m\u00e1is profesionais a este servizo, debido ao aumento da demanda que se est\u00e1 a rexistrar no municipio. Tal e como explica o alcalde, Rub\u00e9n Garc\u00eda, \u201creabrimos a bolsa do SAF no d\u00eda de hoxe e [&hellip;]<\/p>\n","protected":false},"author":1,"featured_media":6749,"comment_status":"closed","ping_status":"closed","sticky":false,"template":"","format":"standard","meta":{"footnotes":""},"categories":[90],"tags":[],"class_list":["post-6748","post","type-post","status-publish","format-standard","has-post-thumbnail","hentry","category-noticias"],"_links":{"self":[{"href":"https:\/\/trabada.gal\/gl\/wp-json\/wp\/v2\/posts\/6748","targetHints":{"allow":["GET"]}}],"collection":[{"href":"https:\/\/trabada.gal\/gl\/wp-json\/wp\/v2\/posts"}],"about":[{"href":"https:\/\/trabada.gal\/gl\/wp-json\/wp\/v2\/types\/post"}],"author":[{"embeddable":true,"href":"https:\/\/trabada.gal\/gl\/wp-json\/wp\/v2\/users\/1"}],"replies":[{"embeddable":true,"href":"https:\/\/trabada.gal\/gl\/wp-json\/wp\/v2\/comments?post=6748"}],"version-history":[{"count":0,"href":"https:\/\/trabada.gal\/gl\/wp-json\/wp\/v2\/posts\/6748\/revisions"}],"wp:featuredmedia":[{"embeddable":true,"href":"https:\/\/trabada.gal\/gl\/wp-json\/wp\/v2\/media\/6749"}],"wp:attachment":[{"href":"https:\/\/trabada.gal\/gl\/wp-json\/wp\/v2\/media?parent=6748"}],"wp:term":[{"taxonomy":"category","embeddable":true,"href":"https:\/\/trabada.gal\/gl\/wp-json\/wp\/v2\/categories?post=6748"},{"taxonomy":"post_tag","embeddable":true,"href":"https:\/\/trabada.gal\/gl\/wp-json\/wp\/v2\/tags?post=6748"}],"curies":[{"name":"wp","href":"https:\/\/api.w.org\/{rel}","templated":true}]}}