{"id":6752,"date":"2025-04-10T12:45:21","date_gmt":"2025-04-10T10:45:21","guid":{"rendered":"https:\/\/trabada.gal\/?p=6752"},"modified":"2025-04-10T12:45:21","modified_gmt":"2025-04-10T10:45:21","slug":"o-concello-de-trabada-realizara-a-recollida-de-plasticos-agricolas-o-19-de-maio","status":"publish","type":"post","link":"https:\/\/trabada.gal\/gl\/2025\/04\/10\/o-concello-de-trabada-realizara-a-recollida-de-plasticos-agricolas-o-19-de-maio\/","title":{"rendered":"O Concello de Trabada realizar\u00e1 a recollida de pl\u00e1sticos agr\u00edcolas o 19 de maio"},"content":{"rendered":"<p><span style=\"font-weight: 400;\">O Concello de Trabada v\u00e9n de anunciar a pr\u00f3xima campa\u00f1a de recollida de pl\u00e1sticos de procedencia agr\u00edcola, que se realizar\u00e1 o d\u00eda 19 de maio. Esta iniciativa est\u00e1 dirixida a facilitar a retirada deste tipo de residuos nas explotaci\u00f3ns agrogandeiras do municipio, contribu\u00edndo \u00e1 protecci\u00f3n do medio ambiente e ao apoio do sector primario.<\/span><\/p>\n<p><span style=\"font-weight: 400;\">A recollida farase mediante un cami\u00f3n que pasar\u00e1 polas explotaci\u00f3ns que o soliciten previamente. As persoas interesadas deber\u00e1n anotarse chamando ao 982 135 011 ou acudindo presencialmente \u00e1s oficinas municipais antes do d\u00eda 14 de maio.<\/span><\/p>\n<p><span style=\"font-weight: 400;\">O alcalde de Trabada, Rub\u00e9n Garc\u00eda, destaca que \u201ceste servizo \u00e9 unha mostra m\u00e1is do compromiso que temos co noso rural facilitando o seu d\u00eda a d\u00eda e avanzando cara a unha xesti\u00f3n m\u00e1is sostible dos residuos\u201d.\u00a0<\/span><\/p>\n<p><span style=\"font-weight: 400;\">Para facilitar a recollida, o Concello lembra que:<\/span><\/p>\n<ol>\n<li style=\"font-weight: 400;\" aria-level=\"1\"><span style=\"font-weight: 400;\">Os pl\u00e1sticos deben deixarse en puntos accesibles para o cami\u00f3n.<\/span><span style=\"font-weight: 400;\">\n<p><\/span><\/li>\n<li style=\"font-weight: 400;\" aria-level=\"1\"><span style=\"font-weight: 400;\">Deben estar afastados de li\u00f1as el\u00e9ctricas e \u00e1rbores que dificulten a carga.<\/span><span style=\"font-weight: 400;\">\n<p><\/span><\/li>\n<li style=\"font-weight: 400;\" aria-level=\"1\"><span style=\"font-weight: 400;\">\u00c9 preciso que estean ben pregados e atados.<\/span><span style=\"font-weight: 400;\">\n<p><\/span><\/li>\n<li style=\"font-weight: 400;\" aria-level=\"1\"><span style=\"font-weight: 400;\">Non deben conter arames, terra nin area.<\/span><span style=\"font-weight: 400;\">\n<p><\/span><\/li>\n<\/ol>\n<p><span style=\"font-weight: 400;\">Desde o Concello agrad\u00e9cese a colaboraci\u00f3n de todos os veci\u00f1os e veci\u00f1as para o correcto desenvolvemento da recollida.<\/span><\/p>","protected":false},"excerpt":{"rendered":"<p>O Concello de Trabada v\u00e9n de anunciar a pr\u00f3xima campa\u00f1a de recollida de pl\u00e1sticos de procedencia agr\u00edcola, que se realizar\u00e1 o d\u00eda 19 de maio. Esta iniciativa est\u00e1 dirixida a facilitar a retirada deste tipo de residuos nas explotaci\u00f3ns agrogandeiras do municipio, contribu\u00edndo \u00e1 protecci\u00f3n do medio ambiente e ao apoio do sector primario. A [&hellip;]<\/p>\n","protected":false},"author":1,"featured_media":6753,"comment_status":"closed","ping_status":"closed","sticky":false,"template":"","format":"standard","meta":{"footnotes":""},"categories":[90],"tags":[],"class_list":["post-6752","post","type-post","status-publish","format-standard","has-post-thumbnail","hentry","category-noticias"],"_links":{"self":[{"href":"https:\/\/trabada.gal\/gl\/wp-json\/wp\/v2\/posts\/6752","targetHints":{"allow":["GET"]}}],"collection":[{"href":"https:\/\/trabada.gal\/gl\/wp-json\/wp\/v2\/posts"}],"about":[{"href":"https:\/\/trabada.gal\/gl\/wp-json\/wp\/v2\/types\/post"}],"author":[{"embeddable":true,"href":"https:\/\/trabada.gal\/gl\/wp-json\/wp\/v2\/users\/1"}],"replies":[{"embeddable":true,"href":"https:\/\/trabada.gal\/gl\/wp-json\/wp\/v2\/comments?post=6752"}],"version-history":[{"count":0,"href":"https:\/\/trabada.gal\/gl\/wp-json\/wp\/v2\/posts\/6752\/revisions"}],"wp:featuredmedia":[{"embeddable":true,"href":"https:\/\/trabada.gal\/gl\/wp-json\/wp\/v2\/media\/6753"}],"wp:attachment":[{"href":"https:\/\/trabada.gal\/gl\/wp-json\/wp\/v2\/media?parent=6752"}],"wp:term":[{"taxonomy":"category","embeddable":true,"href":"https:\/\/trabada.gal\/gl\/wp-json\/wp\/v2\/categories?post=6752"},{"taxonomy":"post_tag","embeddable":true,"href":"https:\/\/trabada.gal\/gl\/wp-json\/wp\/v2\/tags?post=6752"}],"curies":[{"name":"wp","href":"https:\/\/api.w.org\/{rel}","templated":true}]}}