{"id":6757,"date":"2025-04-15T14:21:11","date_gmt":"2025-04-15T12:21:11","guid":{"rendered":"https:\/\/trabada.gal\/?p=6757"},"modified":"2025-04-15T14:21:11","modified_gmt":"2025-04-15T12:21:11","slug":"novo-equipamento-para-a-atencion-de-emerxencias-no-concello-de-trabada","status":"publish","type":"post","link":"https:\/\/trabada.gal\/gl\/2025\/04\/15\/novo-equipamento-para-a-atencion-de-emerxencias-no-concello-de-trabada\/","title":{"rendered":"Novo equipamento para a atenci\u00f3n de emerxencias no Concello de Trabada"},"content":{"rendered":"<p>A Agrupaci\u00f3n de voluntarios de Protecci\u00f3n Civil de Trabada ven de acadar un remolque para a atenci\u00f3n de emerxencias, tras a solicitude do Concello de Trabada o pasado 19 de agosto de 2024.<\/p>\n<p>No d\u00eda de onte, o alcalde Rub\u00e9n Garc\u00eda Freije e varios membros da Agrupaci\u00f3n de voluntarios despraz\u00e1ronse ata a Sede da Axencia Galega de Emerxencias para efectuar a recollida do novo remolque para emerxencias.<\/p>\n<p>O alcalde destacou: \u201cgrazas a xesti\u00f3n desde o Concello de Trabada e a boa labor dos membros da Agrupaci\u00f3n de Voluntarios de Protecci\u00f3n Civil de Trabada puidemos acadar este novo equipamento para a atenci\u00f3n de emerxencias\u201d<\/p>\n<p>Adem\u00e1is destacou o traballo da Agrupaci\u00f3n de Voluntarios: \u201c A s\u00faa labor \u00e9 fundamental en calquer emerxencia que ocorre no noso concello, e as\u00ed se ve reflexado o seu bo traballo e servizo que prestan, acadando unha alta puntuaci\u00f3n na orde da subvenci\u00f3n e as\u00ed ser beneficiarios deste novo equipamento\u201d<\/p>\n<p>O Concello de Trabada agradece o compromiso e entrega da Agrupaci\u00f3n de voluntarios de Protecci\u00f3n de Civil, unha peza clave na seguridade e benestar da veci\u00f1anza.<\/p>","protected":false},"excerpt":{"rendered":"<p>A Agrupaci\u00f3n de voluntarios de Protecci\u00f3n Civil de Trabada ven de acadar un remolque para a atenci\u00f3n de emerxencias, tras a solicitude do Concello de Trabada o pasado 19 de agosto de 2024. No d\u00eda de onte, o alcalde Rub\u00e9n Garc\u00eda Freije e varios membros da Agrupaci\u00f3n de voluntarios despraz\u00e1ronse ata a Sede da Axencia [&hellip;]<\/p>\n","protected":false},"author":1,"featured_media":6758,"comment_status":"closed","ping_status":"closed","sticky":false,"template":"","format":"standard","meta":{"footnotes":""},"categories":[90],"tags":[],"class_list":["post-6757","post","type-post","status-publish","format-standard","has-post-thumbnail","hentry","category-noticias"],"_links":{"self":[{"href":"https:\/\/trabada.gal\/gl\/wp-json\/wp\/v2\/posts\/6757","targetHints":{"allow":["GET"]}}],"collection":[{"href":"https:\/\/trabada.gal\/gl\/wp-json\/wp\/v2\/posts"}],"about":[{"href":"https:\/\/trabada.gal\/gl\/wp-json\/wp\/v2\/types\/post"}],"author":[{"embeddable":true,"href":"https:\/\/trabada.gal\/gl\/wp-json\/wp\/v2\/users\/1"}],"replies":[{"embeddable":true,"href":"https:\/\/trabada.gal\/gl\/wp-json\/wp\/v2\/comments?post=6757"}],"version-history":[{"count":0,"href":"https:\/\/trabada.gal\/gl\/wp-json\/wp\/v2\/posts\/6757\/revisions"}],"wp:featuredmedia":[{"embeddable":true,"href":"https:\/\/trabada.gal\/gl\/wp-json\/wp\/v2\/media\/6758"}],"wp:attachment":[{"href":"https:\/\/trabada.gal\/gl\/wp-json\/wp\/v2\/media?parent=6757"}],"wp:term":[{"taxonomy":"category","embeddable":true,"href":"https:\/\/trabada.gal\/gl\/wp-json\/wp\/v2\/categories?post=6757"},{"taxonomy":"post_tag","embeddable":true,"href":"https:\/\/trabada.gal\/gl\/wp-json\/wp\/v2\/tags?post=6757"}],"curies":[{"name":"wp","href":"https:\/\/api.w.org\/{rel}","templated":true}]}}