{"id":6761,"date":"2025-04-21T12:12:20","date_gmt":"2025-04-21T10:12:20","guid":{"rendered":"https:\/\/trabada.gal\/?p=6761"},"modified":"2025-04-21T12:12:20","modified_gmt":"2025-04-21T10:12:20","slug":"os-vecinos-e-vecinas-de-trabada-poderan-facer-a-declaracion-da-renda-nas-oficinas-municipais-do-concello","status":"publish","type":"post","link":"https:\/\/trabada.gal\/gl\/2025\/04\/21\/os-vecinos-e-vecinas-de-trabada-poderan-facer-a-declaracion-da-renda-nas-oficinas-municipais-do-concello\/","title":{"rendered":"Os veci\u00f1os e veci\u00f1as de Trabada poder\u00e1n facer a declaraci\u00f3n da renda nas oficinas municipais do Concello"},"content":{"rendered":"<p><span style=\"font-weight: 400;\">O Concello de Trabada asinou un acordo de colaboraci\u00f3n coa Axencia Tributaria que permitir\u00e1 que os veci\u00f1os e veci\u00f1as do municipio poidan realizar a s\u00faa Declaraci\u00f3n da Renda 2024 nas oficinas municipais, mediante un sistema de videoasistencia e de forma totalmente gratu\u00edta.<\/span><\/p>\n<p><span style=\"font-weight: 400;\">Tras a boa acollida desta iniciativa o ano pasado, o Concello volve a adherirse ao programa, e nesta edici\u00f3n \u00e1brese a participaci\u00f3n a toda a veci\u00f1anza, mentres que na campa\u00f1a anterior estaba dirixido unicamente \u00e1s persoas maiores de 65 anos.<\/span><\/p>\n<p><span style=\"font-weight: 400;\">Con esta acci\u00f3n, o Concello quere facilitar este tr\u00e1mite \u00e1 cidadan\u00eda, evitando desprazamentos e ofrecendo un servizo c\u00f3modo e accesible dende o propio municipio de Trabada.<\/span><\/p>\n<p><span style=\"font-weight: 400;\">A confecci\u00f3n da declaraci\u00f3n ser\u00e1 realizada por videoasistencia por parte dun funcionario da Axencia Tributaria, entre o 6 de maio e o 30 de xu\u00f1o.<\/span><\/p>\n<p><span style=\"font-weight: 400;\">Solicitude de cita previa a partir do 29 de abril:<\/span><\/p>\n<p><span style=\"font-weight: 400;\">\ud83d\udcde Por tel\u00e9fono (atenci\u00f3n persoal):<\/span><span style=\"font-weight: 400;\"><br \/>\n<\/span><span style=\"font-weight: 400;\"> 91 553 00 71<\/span><span style=\"font-weight: 400;\"><br \/>\n<\/span><span style=\"font-weight: 400;\"> 901 22 33 44<\/span><span style=\"font-weight: 400;\"><br \/>\n<\/span><span style=\"font-weight: 400;\"> (de luns a venres, de 9:00 a 19:00 horas)<\/span><\/p>\n<p><span style=\"font-weight: 400;\">\ud83c\udf10 Por Internet:<\/span><span style=\"font-weight: 400;\"><br \/>\n<\/span><span style=\"font-weight: 400;\"> Na sede electr\u00f3nica da AEAT: https:\/\/sede.agenciatributaria.gob.es<\/span><\/p>","protected":false},"excerpt":{"rendered":"<p>O Concello de Trabada asinou un acordo de colaboraci\u00f3n coa Axencia Tributaria que permitir\u00e1 que os veci\u00f1os e veci\u00f1as do municipio poidan realizar a s\u00faa Declaraci\u00f3n da Renda 2024 nas oficinas municipais, mediante un sistema de videoasistencia e de forma totalmente gratu\u00edta. Tras a boa acollida desta iniciativa o ano pasado, o Concello volve a [&hellip;]<\/p>\n","protected":false},"author":1,"featured_media":6762,"comment_status":"closed","ping_status":"closed","sticky":false,"template":"","format":"standard","meta":{"footnotes":""},"categories":[90],"tags":[],"class_list":["post-6761","post","type-post","status-publish","format-standard","has-post-thumbnail","hentry","category-noticias"],"_links":{"self":[{"href":"https:\/\/trabada.gal\/gl\/wp-json\/wp\/v2\/posts\/6761","targetHints":{"allow":["GET"]}}],"collection":[{"href":"https:\/\/trabada.gal\/gl\/wp-json\/wp\/v2\/posts"}],"about":[{"href":"https:\/\/trabada.gal\/gl\/wp-json\/wp\/v2\/types\/post"}],"author":[{"embeddable":true,"href":"https:\/\/trabada.gal\/gl\/wp-json\/wp\/v2\/users\/1"}],"replies":[{"embeddable":true,"href":"https:\/\/trabada.gal\/gl\/wp-json\/wp\/v2\/comments?post=6761"}],"version-history":[{"count":0,"href":"https:\/\/trabada.gal\/gl\/wp-json\/wp\/v2\/posts\/6761\/revisions"}],"wp:featuredmedia":[{"embeddable":true,"href":"https:\/\/trabada.gal\/gl\/wp-json\/wp\/v2\/media\/6762"}],"wp:attachment":[{"href":"https:\/\/trabada.gal\/gl\/wp-json\/wp\/v2\/media?parent=6761"}],"wp:term":[{"taxonomy":"category","embeddable":true,"href":"https:\/\/trabada.gal\/gl\/wp-json\/wp\/v2\/categories?post=6761"},{"taxonomy":"post_tag","embeddable":true,"href":"https:\/\/trabada.gal\/gl\/wp-json\/wp\/v2\/tags?post=6761"}],"curies":[{"name":"wp","href":"https:\/\/api.w.org\/{rel}","templated":true}]}}