{"id":6764,"date":"2025-04-23T13:57:36","date_gmt":"2025-04-23T11:57:36","guid":{"rendered":"https:\/\/trabada.gal\/?p=6764"},"modified":"2025-04-23T13:57:36","modified_gmt":"2025-04-23T11:57:36","slug":"o-concello-de-trabada-acada-unha-subvencion-de-60-000-euros-para-mellorar-o-complexo-deportivo-municipal","status":"publish","type":"post","link":"https:\/\/trabada.gal\/gl\/2025\/04\/23\/o-concello-de-trabada-acada-unha-subvencion-de-60-000-euros-para-mellorar-o-complexo-deportivo-municipal\/","title":{"rendered":"O Concello de Trabada acada unha subvenci\u00f3n de 60.000 euros para mellorar o complexo deportivo municipal"},"content":{"rendered":"<p><span style=\"font-weight: 400;\">O Concello de Trabada v\u00e9n de conseguir unha nova axuda por importe de 60.000 euros ao abeiro da convocatoria de \u201cAxudas para a aplicaci\u00f3n de soluci\u00f3ns baseadas na natureza orientadas \u00e1 prevenci\u00f3n de riscos asociados ao cambio clim\u00e1tico en espazos urbanos e periurbanos\u201d.<\/span><\/p>\n<p><span style=\"font-weight: 400;\">Esta subvenci\u00f3n permitir\u00e1 acometer unha mellora significativa do complexo deportivo, cun investimento total de 75.000 euros, dos cales o Concello aportar\u00e1 15.000 euros con fondos propios.<\/span><\/p>\n<p><span style=\"font-weight: 400;\">O proxecto incl\u00fae:<\/span><\/p>\n<ul>\n<li style=\"font-weight: 400;\" aria-level=\"1\"><span style=\"font-weight: 400;\">A instalaci\u00f3n de p\u00e9rgolas con cuberta verde, que ofrecer\u00e1n sombra e espazos de descanso para os usuarios.<\/span><span style=\"font-weight: 400;\">\n<p><\/span><\/li>\n<li style=\"font-weight: 400;\" aria-level=\"1\"><span style=\"font-weight: 400;\">A creaci\u00f3n dun peche natural para o campo de bolos tradicionais, en li\u00f1a co compromiso do Concello coa integraci\u00f3n paisax\u00edstica e a sustentabilidade.<\/span><span style=\"font-weight: 400;\">\n<p><\/span><\/li>\n<\/ul>\n<p><span style=\"font-weight: 400;\">O alcalde, Rub\u00e9n Garc\u00eda, salientou que \u201cesta nova actuaci\u00f3n \u00e9 un paso m\u00e1is na nosa aposta por espazos p\u00fablicos de calidade, sostibles e pensados para o benestar da veci\u00f1anza. Quero destacar o traballo feito polo equipo de goberno e os t\u00e9cnicos municipais, grazas ao cal logramos acadar esta importante axuda\u201d.<\/span><\/p>\n<p><span style=\"font-weight: 400;\">Esta mellora s\u00famase \u00e1s actuaci\u00f3ns que comezar\u00e1n nas vindeiras semanas, como son:<\/span><\/p>\n<ul>\n<li style=\"font-weight: 400;\" aria-level=\"1\"><span style=\"font-weight: 400;\">A construci\u00f3n dun circu\u00edto de bicicletas pump track.<\/span><span style=\"font-weight: 400;\">\n<p><\/span><\/li>\n<li style=\"font-weight: 400;\" aria-level=\"1\"><span style=\"font-weight: 400;\">A instalaci\u00f3n dun novo tobog\u00e1n infantil, ampliando as\u00ed as opci\u00f3ns de ocio e deporte para os m\u00e1is pequenos.<\/span><span style=\"font-weight: 400;\">\n<p><\/span><\/li>\n<\/ul>\n<p><span style=\"font-weight: 400;\">Desde o Concello de Trabada contin\u00faase a traballar e a solicitar novas subvenci\u00f3ns que permitan seguir transformando e mellorando o municipio. \u201cSeguiremos apostando polo desenvolvemento sostible e pola creaci\u00f3n de espazos que melloren a calidade de vida da nosa veci\u00f1anza\u201d, conclu\u00edu o alcalde.<\/span><span style=\"font-weight: 400;\"><br \/>\n<\/span><\/p>","protected":false},"excerpt":{"rendered":"<p>O Concello de Trabada v\u00e9n de conseguir unha nova axuda por importe de 60.000 euros ao abeiro da convocatoria de \u201cAxudas para a aplicaci\u00f3n de soluci\u00f3ns baseadas na natureza orientadas \u00e1 prevenci\u00f3n de riscos asociados ao cambio clim\u00e1tico en espazos urbanos e periurbanos\u201d. Esta subvenci\u00f3n permitir\u00e1 acometer unha mellora significativa do complexo deportivo, cun investimento [&hellip;]<\/p>\n","protected":false},"author":1,"featured_media":6765,"comment_status":"closed","ping_status":"closed","sticky":false,"template":"","format":"standard","meta":{"footnotes":""},"categories":[90],"tags":[],"class_list":["post-6764","post","type-post","status-publish","format-standard","has-post-thumbnail","hentry","category-noticias"],"_links":{"self":[{"href":"https:\/\/trabada.gal\/gl\/wp-json\/wp\/v2\/posts\/6764","targetHints":{"allow":["GET"]}}],"collection":[{"href":"https:\/\/trabada.gal\/gl\/wp-json\/wp\/v2\/posts"}],"about":[{"href":"https:\/\/trabada.gal\/gl\/wp-json\/wp\/v2\/types\/post"}],"author":[{"embeddable":true,"href":"https:\/\/trabada.gal\/gl\/wp-json\/wp\/v2\/users\/1"}],"replies":[{"embeddable":true,"href":"https:\/\/trabada.gal\/gl\/wp-json\/wp\/v2\/comments?post=6764"}],"version-history":[{"count":0,"href":"https:\/\/trabada.gal\/gl\/wp-json\/wp\/v2\/posts\/6764\/revisions"}],"wp:featuredmedia":[{"embeddable":true,"href":"https:\/\/trabada.gal\/gl\/wp-json\/wp\/v2\/media\/6765"}],"wp:attachment":[{"href":"https:\/\/trabada.gal\/gl\/wp-json\/wp\/v2\/media?parent=6764"}],"wp:term":[{"taxonomy":"category","embeddable":true,"href":"https:\/\/trabada.gal\/gl\/wp-json\/wp\/v2\/categories?post=6764"},{"taxonomy":"post_tag","embeddable":true,"href":"https:\/\/trabada.gal\/gl\/wp-json\/wp\/v2\/tags?post=6764"}],"curies":[{"name":"wp","href":"https:\/\/api.w.org\/{rel}","templated":true}]}}