{"id":6767,"date":"2025-04-25T09:16:31","date_gmt":"2025-04-25T07:16:31","guid":{"rendered":"https:\/\/trabada.gal\/?p=6767"},"modified":"2025-04-25T09:16:31","modified_gmt":"2025-04-25T07:16:31","slug":"o-centro-de-atencion-a-maiores-de-trabada-celebrou-o-seu-sexto-aniversario-cunha-xornada-festiva-e-musical","status":"publish","type":"post","link":"https:\/\/trabada.gal\/gl\/2025\/04\/25\/o-centro-de-atencion-a-maiores-de-trabada-celebrou-o-seu-sexto-aniversario-cunha-xornada-festiva-e-musical\/","title":{"rendered":"O Centro de Atenci\u00f3n a Maiores de Trabada celebrou o seu sexto aniversario cunha xornada festiva e musical"},"content":{"rendered":"<p><span style=\"font-weight: 400;\">As instalaci\u00f3ns do CAM de Trabada acolleron este xoves unha celebraci\u00f3n moi especial: o seu sexto aniversario. Ao acto asistiron o alcalde, Rub\u00e9n Garc\u00eda, e o concelleiro Pablo Gonz\u00e1lez, que quixeron acompa\u00f1ar \u00e1s persoas usuarias nesta data tan significativa.<\/span><\/p>\n<p><span style=\"font-weight: 400;\">Durante a celebraci\u00f3n, os asistentes gozaron da actuaci\u00f3n musical do grupo Sons de Celeiro, que puxo a nota alegre a unha xornada chea de emoci\u00f3ns e bo ambiente.<\/span><\/p>\n<p><span style=\"font-weight: 400;\">O alcalde Rub\u00e9n Garc\u00eda destacou que \u00ab\u00e9 un orgullo poder celebrar ano tras ano o aniversario deste centro e ver a implicaci\u00f3n das persoas maiores, do persoal e da veci\u00f1anza neste espazo que \u00e9 xa unha referencia no noso concello\u00bb.<\/span><\/p>\n<p><span style=\"font-weight: 400;\">Desde o Concello de Trabada agradecemos a todas as persoas que fan posible o d\u00eda a d\u00eda do Centro de Maiores e reiteramos o noso compromiso co benestar e a calidade de vida da nosa veci\u00f1anza m\u00e1is veterana.<\/span><\/p>\n<p>&nbsp;<\/p>","protected":false},"excerpt":{"rendered":"<p>As instalaci\u00f3ns do CAM de Trabada acolleron este xoves unha celebraci\u00f3n moi especial: o seu sexto aniversario. Ao acto asistiron o alcalde, Rub\u00e9n Garc\u00eda, e o concelleiro Pablo Gonz\u00e1lez, que quixeron acompa\u00f1ar \u00e1s persoas usuarias nesta data tan significativa. Durante a celebraci\u00f3n, os asistentes gozaron da actuaci\u00f3n musical do grupo Sons de Celeiro, que puxo [&hellip;]<\/p>\n","protected":false},"author":1,"featured_media":6768,"comment_status":"closed","ping_status":"closed","sticky":false,"template":"","format":"standard","meta":{"footnotes":""},"categories":[90],"tags":[],"class_list":["post-6767","post","type-post","status-publish","format-standard","has-post-thumbnail","hentry","category-noticias"],"_links":{"self":[{"href":"https:\/\/trabada.gal\/gl\/wp-json\/wp\/v2\/posts\/6767","targetHints":{"allow":["GET"]}}],"collection":[{"href":"https:\/\/trabada.gal\/gl\/wp-json\/wp\/v2\/posts"}],"about":[{"href":"https:\/\/trabada.gal\/gl\/wp-json\/wp\/v2\/types\/post"}],"author":[{"embeddable":true,"href":"https:\/\/trabada.gal\/gl\/wp-json\/wp\/v2\/users\/1"}],"replies":[{"embeddable":true,"href":"https:\/\/trabada.gal\/gl\/wp-json\/wp\/v2\/comments?post=6767"}],"version-history":[{"count":0,"href":"https:\/\/trabada.gal\/gl\/wp-json\/wp\/v2\/posts\/6767\/revisions"}],"wp:featuredmedia":[{"embeddable":true,"href":"https:\/\/trabada.gal\/gl\/wp-json\/wp\/v2\/media\/6768"}],"wp:attachment":[{"href":"https:\/\/trabada.gal\/gl\/wp-json\/wp\/v2\/media?parent=6767"}],"wp:term":[{"taxonomy":"category","embeddable":true,"href":"https:\/\/trabada.gal\/gl\/wp-json\/wp\/v2\/categories?post=6767"},{"taxonomy":"post_tag","embeddable":true,"href":"https:\/\/trabada.gal\/gl\/wp-json\/wp\/v2\/tags?post=6767"}],"curies":[{"name":"wp","href":"https:\/\/api.w.org\/{rel}","templated":true}]}}