{"id":6774,"date":"2025-04-28T13:10:38","date_gmt":"2025-04-28T11:10:38","guid":{"rendered":"https:\/\/trabada.gal\/?p=6774"},"modified":"2025-04-30T13:12:37","modified_gmt":"2025-04-30T11:12:37","slug":"a-enfarinada-de-trabada-presentase-na-festa-da-filloa-de-muimenta-como-antesala-do-4-de-maio","status":"publish","type":"post","link":"https:\/\/trabada.gal\/gl\/2025\/04\/28\/a-enfarinada-de-trabada-presentase-na-festa-da-filloa-de-muimenta-como-antesala-do-4-de-maio\/","title":{"rendered":"A Enfari\u00f1ada de Trabada pres\u00e9ntase na Festa da Filloa de Muimenta como antesala do 4 de maio"},"content":{"rendered":"<p><span style=\"font-weight: 400;\">A promoci\u00f3n da VI Festa da Enfari\u00f1ada de Trabada dar\u00e1 un paso m\u00e1is coa s\u00faa presenza na Festa da Filloa de Muimenta este xoves 1 de maio. O Concello de Trabada aposta por esta iniciativa para difundir un dos pratos m\u00e1is tradicionais da Mari\u00f1a lucense e convidar a veci\u00f1os e visitantes a gozar da celebraci\u00f3n gastron\u00f3mica que ter\u00e1 lugar o 4 de maio.<\/span><\/p>\n<p><span style=\"font-weight: 400;\">Durante a xornada en Muimenta, os visitantes poder\u00e1n descubrir a historia e o sabor da Enfari\u00f1ada, un prato tradicional da Mari\u00f1a lucense elaborado con ingredientes sinxelos pero cargado de identidade. Ademais, repartirase material divulgativo para animar \u00e1 xente a desprazarse ata Trabada o domingo 4 de maio e vivir a festa en directo.<\/span><\/p>\n<p><span style=\"font-weight: 400;\">A Festa da Enfari\u00f1ada, que ter\u00e1 lugar na Praza do Concello de Trabada a partir das 12:00 horas, ofrecer\u00e1 non s\u00f3 a degustaci\u00f3n deste prato en versi\u00f3n tradicional e sen glute, sen\u00f3n tam\u00e9n raci\u00f3ns de xam\u00f3n cocido e chourizo. A festa completarase cun mercado de produtos locais e actuaci\u00f3ns musicais de grupos tradicionais como \u00abTumba e D\u00e1lle\u00bb e \u00abGrupo Lume\u00bb.<\/span><\/p>\n<p><span style=\"font-weight: 400;\">O alcalde de Trabada, Rub\u00e9n Garc\u00eda, salientou a importancia de aproveitar este tipo de encontros para difundir a riqueza gastron\u00f3mica do municipio: \u00abA Festa da Enfari\u00f1ada non \u00e9 s\u00f3 unha celebraci\u00f3n, sen\u00f3n tam\u00e9n un compromiso coa nosa tradici\u00f3n e cultura. Participar na Festa da Filloa de Muimenta \u00e9 unha gran oportunidade para dar a co\u00f1ecer a nosa gastronom\u00eda e convidar a todo o mundo a vivir en Trabada unha xornada \u00fanica o 4 de maio.\u00bb<\/span><\/p>\n<p><span style=\"font-weight: 400;\">O Concello de Trabada convida a toda a veci\u00f1anza e visitantes a marcar a data no calendario e achegarse para saborear a tradici\u00f3n e seguir consolidando a Festa da Enfari\u00f1ada como un referente gastron\u00f3mico da provincia.\u00a0<\/span><\/p>\n<p>&nbsp;<\/p>","protected":false},"excerpt":{"rendered":"<p>A promoci\u00f3n da VI Festa da Enfari\u00f1ada de Trabada dar\u00e1 un paso m\u00e1is coa s\u00faa presenza na Festa da Filloa de Muimenta este xoves 1 de maio. O Concello de Trabada aposta por esta iniciativa para difundir un dos pratos m\u00e1is tradicionais da Mari\u00f1a lucense e convidar a veci\u00f1os e visitantes a gozar da celebraci\u00f3n [&hellip;]<\/p>\n","protected":false},"author":1,"featured_media":6771,"comment_status":"closed","ping_status":"closed","sticky":false,"template":"","format":"standard","meta":{"footnotes":""},"categories":[90],"tags":[],"class_list":["post-6774","post","type-post","status-publish","format-standard","has-post-thumbnail","hentry","category-noticias"],"_links":{"self":[{"href":"https:\/\/trabada.gal\/gl\/wp-json\/wp\/v2\/posts\/6774","targetHints":{"allow":["GET"]}}],"collection":[{"href":"https:\/\/trabada.gal\/gl\/wp-json\/wp\/v2\/posts"}],"about":[{"href":"https:\/\/trabada.gal\/gl\/wp-json\/wp\/v2\/types\/post"}],"author":[{"embeddable":true,"href":"https:\/\/trabada.gal\/gl\/wp-json\/wp\/v2\/users\/1"}],"replies":[{"embeddable":true,"href":"https:\/\/trabada.gal\/gl\/wp-json\/wp\/v2\/comments?post=6774"}],"version-history":[{"count":0,"href":"https:\/\/trabada.gal\/gl\/wp-json\/wp\/v2\/posts\/6774\/revisions"}],"wp:featuredmedia":[{"embeddable":true,"href":"https:\/\/trabada.gal\/gl\/wp-json\/wp\/v2\/media\/6771"}],"wp:attachment":[{"href":"https:\/\/trabada.gal\/gl\/wp-json\/wp\/v2\/media?parent=6774"}],"wp:term":[{"taxonomy":"category","embeddable":true,"href":"https:\/\/trabada.gal\/gl\/wp-json\/wp\/v2\/categories?post=6774"},{"taxonomy":"post_tag","embeddable":true,"href":"https:\/\/trabada.gal\/gl\/wp-json\/wp\/v2\/tags?post=6774"}],"curies":[{"name":"wp","href":"https:\/\/api.w.org\/{rel}","templated":true}]}}