{"id":6779,"date":"2025-05-06T17:28:39","date_gmt":"2025-05-06T15:28:39","guid":{"rendered":"https:\/\/trabada.gal\/?p=6779"},"modified":"2025-05-06T17:28:39","modified_gmt":"2025-05-06T15:28:39","slug":"o-concello-de-trabada-recupera-as-suas-tradicions-coa-celebracion-de-san-fernando-en-valboa","status":"publish","type":"post","link":"https:\/\/trabada.gal\/gl\/2025\/05\/06\/o-concello-de-trabada-recupera-as-suas-tradicions-coa-celebracion-de-san-fernando-en-valboa\/","title":{"rendered":"O Concello de Trabada recupera as s\u00faas tradici\u00f3ns coa celebraci\u00f3n de San Fernando en Valboa"},"content":{"rendered":"<p><span style=\"font-weight: 400;\">O Concello de Trabada organiza unha nova edici\u00f3n da tradicional celebraci\u00f3n de San Fernando, que ter\u00e1 lugar o venres 30 de maio na capela de San Fernando (Valboa). A xornada incluir\u00e1 misa, encontro campestre e actividades para todos os p\u00fablicos, mantendo viva unha das citas m\u00e1is emblem\u00e1ticas da zona.<\/span><\/p>\n<p><span style=\"font-weight: 400;\">O evento dar\u00e1 comezo \u00e1s 12:00h coa misa na capela, seguida dunha comida campestre no recinto cuberto cunha carpa. O men\u00fa incluir\u00e1 empanada, croquetas, xam\u00f3n cocido, paella, sobremesa con tarta de Santiago, bebida e caf\u00e9. O prezo ser\u00e1 de 22 \u20ac para adultos e 12 \u20ac para nenos\/as. Tam\u00e9n se habilitar\u00e1 estacionamento para cabalos, mantendo as\u00ed o costume de acudir a cabalo, como se fac\u00eda antigamente.<\/span><\/p>\n<p><span style=\"font-weight: 400;\">As entradas estar\u00e1n dispo\u00f1ibles ata o luns 26 de maio nos seguintes establecementos colaboradores: Mes\u00f3n Cami\u00f1o Norte, Taberna da Curuxeira e Bar O Porfirio.<\/span><\/p>\n<p><span style=\"font-weight: 400;\">Rub\u00e9n Garc\u00eda Freije,\u00a0 alcalde de Trabada,\u00a0 destacou que \u201cqueremos continuar con estas tradici\u00f3ns que forman parte da nosa identidade. En tempos pasados, a feira de San Fernando era unha cita sinalada no calendario, \u00e1 que acud\u00edan veci\u00f1os e veci\u00f1as de todas as parroquias para compartir un d\u00eda de celebraci\u00f3n.\u201d<\/span><\/p>\n<p><span style=\"font-weight: 400;\">A actividade est\u00e1 organizada polo Concello de Trabada co apoio da Deputaci\u00f3n de Lugo.<\/span><\/p>","protected":false},"excerpt":{"rendered":"<p>O Concello de Trabada organiza unha nova edici\u00f3n da tradicional celebraci\u00f3n de San Fernando, que ter\u00e1 lugar o venres 30 de maio na capela de San Fernando (Valboa). A xornada incluir\u00e1 misa, encontro campestre e actividades para todos os p\u00fablicos, mantendo viva unha das citas m\u00e1is emblem\u00e1ticas da zona. O evento dar\u00e1 comezo \u00e1s 12:00h [&hellip;]<\/p>\n","protected":false},"author":1,"featured_media":6780,"comment_status":"closed","ping_status":"closed","sticky":false,"template":"","format":"standard","meta":{"footnotes":""},"categories":[90],"tags":[],"class_list":["post-6779","post","type-post","status-publish","format-standard","has-post-thumbnail","hentry","category-noticias"],"_links":{"self":[{"href":"https:\/\/trabada.gal\/gl\/wp-json\/wp\/v2\/posts\/6779","targetHints":{"allow":["GET"]}}],"collection":[{"href":"https:\/\/trabada.gal\/gl\/wp-json\/wp\/v2\/posts"}],"about":[{"href":"https:\/\/trabada.gal\/gl\/wp-json\/wp\/v2\/types\/post"}],"author":[{"embeddable":true,"href":"https:\/\/trabada.gal\/gl\/wp-json\/wp\/v2\/users\/1"}],"replies":[{"embeddable":true,"href":"https:\/\/trabada.gal\/gl\/wp-json\/wp\/v2\/comments?post=6779"}],"version-history":[{"count":0,"href":"https:\/\/trabada.gal\/gl\/wp-json\/wp\/v2\/posts\/6779\/revisions"}],"wp:featuredmedia":[{"embeddable":true,"href":"https:\/\/trabada.gal\/gl\/wp-json\/wp\/v2\/media\/6780"}],"wp:attachment":[{"href":"https:\/\/trabada.gal\/gl\/wp-json\/wp\/v2\/media?parent=6779"}],"wp:term":[{"taxonomy":"category","embeddable":true,"href":"https:\/\/trabada.gal\/gl\/wp-json\/wp\/v2\/categories?post=6779"},{"taxonomy":"post_tag","embeddable":true,"href":"https:\/\/trabada.gal\/gl\/wp-json\/wp\/v2\/tags?post=6779"}],"curies":[{"name":"wp","href":"https:\/\/api.w.org\/{rel}","templated":true}]}}