{"id":6782,"date":"2025-05-07T14:15:34","date_gmt":"2025-05-07T12:15:34","guid":{"rendered":"https:\/\/trabada.gal\/?p=6782"},"modified":"2025-05-07T14:19:15","modified_gmt":"2025-05-07T12:19:15","slug":"o-concello-de-trabada-mellora-a-rede-viaria-municipal-en-varios-barrios-do-municipio","status":"publish","type":"post","link":"https:\/\/trabada.gal\/gl\/2025\/05\/07\/o-concello-de-trabada-mellora-a-rede-viaria-municipal-en-varios-barrios-do-municipio\/","title":{"rendered":"O Concello de Trabada mellora a rede viaria municipal en varios barrios do municipio"},"content":{"rendered":"<p><span style=\"font-weight: 400;\">O Concello de Trabada v\u00e9n de realizar actuaci\u00f3ns de mellora en diversas v\u00edas de comunicaci\u00f3n co obxectivo de continuar avanzando na modernizaci\u00f3n e mantemento das infraestruturas locais.<\/span><\/p>\n<p><span style=\"font-weight: 400;\">As intervenci\u00f3ns lev\u00e1ronse a cabo en diferentes barrios do concello, nomeadamente en Orrea, A Trapa, A Cachopa, O Chapizo, San Esteban, O Vilar e O Pantigal. Estas obras permitiron acondicionar tramos de estrada que presentaban deficiencias, mellorando as\u00ed a seguridade viaria e a comodidade para o tr\u00e1nsito veci\u00f1al.<\/span><\/p>\n<p><span style=\"font-weight: 400;\">O alcalde, Rub\u00e9n Garc\u00eda, sinala que \u201cdesde o Concello de Trabada seguimos apostando pola mellora continua das nosas infraestruturas, especialmente as v\u00edas de comunicaci\u00f3n, que son clave para a calidade de vida da veci\u00f1anza e para fixar poboaci\u00f3n no rural\u201d.<\/span><\/p>\n<p><span style=\"font-weight: 400;\">Estas actuaci\u00f3ns forman parte dun plan m\u00e1is amplo de investimento en infraestruturas municipais, que se ver\u00e1 completado con novos proxectos que se executar\u00e1n nas pr\u00f3ximas semanas e meses en diferentes puntos do municipio.<br \/>\n<\/span><\/p>\n\n\t\t<style type=\"text\/css\">\n\t\t\t#gallery-1 {\n\t\t\t\tmargin: auto;\n\t\t\t}\n\t\t\t#gallery-1 .gallery-item {\n\t\t\t\tfloat: left;\n\t\t\t\tmargin-top: 10px;\n\t\t\t\ttext-align: center;\n\t\t\t\twidth: 33%;\n\t\t\t}\n\t\t\t#gallery-1 img {\n\t\t\t\tborder: 2px solid #cfcfcf;\n\t\t\t}\n\t\t\t#gallery-1 .gallery-caption {\n\t\t\t\tmargin-left: 0;\n\t\t\t}\n\t\t\t\/* see gallery_shortcode() in wp-includes\/media.php *\/\n\t\t<\/style>\n\t\t<div id='gallery-1' class='gallery galleryid-6782 gallery-columns-3 gallery-size-large'><dl class='gallery-item'>\n\t\t\t<dt class='gallery-icon portrait'>\n\t\t\t\t<a href='https:\/\/trabada.gal\/gl\/2025\/05\/07\/o-concello-de-trabada-mellora-a-rede-viaria-municipal-en-varios-barrios-do-municipio\/112-2\/'><img fetchpriority=\"high\" decoding=\"async\" width=\"819\" height=\"1024\" src=\"https:\/\/trabada.gal\/wp-content\/uploads\/2025\/05\/112-1-819x1024.jpg\" class=\"attachment-large size-large\" alt=\"\" srcset=\"https:\/\/trabada.gal\/wp-content\/uploads\/2025\/05\/112-1-819x1024.jpg 819w, https:\/\/trabada.gal\/wp-content\/uploads\/2025\/05\/112-1-240x300.jpg 240w, https:\/\/trabada.gal\/wp-content\/uploads\/2025\/05\/112-1-768x960.jpg 768w, https:\/\/trabada.gal\/wp-content\/uploads\/2025\/05\/112-1-10x12.jpg 10w, https:\/\/trabada.gal\/wp-content\/uploads\/2025\/05\/112-1-480x600.jpg 480w, https:\/\/trabada.gal\/wp-content\/uploads\/2025\/05\/112-1-448x560.jpg 448w, https:\/\/trabada.gal\/wp-content\/uploads\/2025\/05\/112-1.jpg 1080w\" sizes=\"(max-width: 819px) 100vw, 819px\" \/><\/a>\n\t\t\t<\/dt><\/dl><dl class='gallery-item'>\n\t\t\t<dt class='gallery-icon portrait'>\n\t\t\t\t<a href='https:\/\/trabada.gal\/gl\/2025\/05\/07\/o-concello-de-trabada-mellora-a-rede-viaria-municipal-en-varios-barrios-do-municipio\/attachment\/113\/'><img decoding=\"async\" width=\"819\" height=\"1024\" src=\"https:\/\/trabada.gal\/wp-content\/uploads\/2025\/05\/113-819x1024.jpg\" class=\"attachment-large size-large\" alt=\"\" srcset=\"https:\/\/trabada.gal\/wp-content\/uploads\/2025\/05\/113-819x1024.jpg 819w, https:\/\/trabada.gal\/wp-content\/uploads\/2025\/05\/113-240x300.jpg 240w, https:\/\/trabada.gal\/wp-content\/uploads\/2025\/05\/113-768x960.jpg 768w, https:\/\/trabada.gal\/wp-content\/uploads\/2025\/05\/113-10x12.jpg 10w, https:\/\/trabada.gal\/wp-content\/uploads\/2025\/05\/113-480x600.jpg 480w, https:\/\/trabada.gal\/wp-content\/uploads\/2025\/05\/113-448x560.jpg 448w, https:\/\/trabada.gal\/wp-content\/uploads\/2025\/05\/113.jpg 1080w\" sizes=\"(max-width: 819px) 100vw, 819px\" \/><\/a>\n\t\t\t<\/dt><\/dl><dl class='gallery-item'>\n\t\t\t<dt class='gallery-icon portrait'>\n\t\t\t\t<a href='https:\/\/trabada.gal\/gl\/2025\/05\/07\/o-concello-de-trabada-mellora-a-rede-viaria-municipal-en-varios-barrios-do-municipio\/attachment\/107\/'><img decoding=\"async\" width=\"819\" height=\"1024\" src=\"https:\/\/trabada.gal\/wp-content\/uploads\/2025\/05\/107-819x1024.jpg\" class=\"attachment-large size-large\" alt=\"\" srcset=\"https:\/\/trabada.gal\/wp-content\/uploads\/2025\/05\/107-819x1024.jpg 819w, https:\/\/trabada.gal\/wp-content\/uploads\/2025\/05\/107-240x300.jpg 240w, https:\/\/trabada.gal\/wp-content\/uploads\/2025\/05\/107-768x960.jpg 768w, https:\/\/trabada.gal\/wp-content\/uploads\/2025\/05\/107-10x12.jpg 10w, https:\/\/trabada.gal\/wp-content\/uploads\/2025\/05\/107-480x600.jpg 480w, https:\/\/trabada.gal\/wp-content\/uploads\/2025\/05\/107-448x560.jpg 448w, https:\/\/trabada.gal\/wp-content\/uploads\/2025\/05\/107.jpg 1080w\" sizes=\"(max-width: 819px) 100vw, 819px\" \/><\/a>\n\t\t\t<\/dt><\/dl><br style=\"clear: both\" \/><dl class='gallery-item'>\n\t\t\t<dt class='gallery-icon portrait'>\n\t\t\t\t<a href='https:\/\/trabada.gal\/gl\/2025\/05\/07\/o-concello-de-trabada-mellora-a-rede-viaria-municipal-en-varios-barrios-do-municipio\/attachment\/108\/'><img loading=\"lazy\" decoding=\"async\" width=\"819\" height=\"1024\" src=\"https:\/\/trabada.gal\/wp-content\/uploads\/2025\/05\/108-819x1024.jpg\" class=\"attachment-large size-large\" alt=\"\" srcset=\"https:\/\/trabada.gal\/wp-content\/uploads\/2025\/05\/108-819x1024.jpg 819w, https:\/\/trabada.gal\/wp-content\/uploads\/2025\/05\/108-240x300.jpg 240w, https:\/\/trabada.gal\/wp-content\/uploads\/2025\/05\/108-768x960.jpg 768w, https:\/\/trabada.gal\/wp-content\/uploads\/2025\/05\/108-10x12.jpg 10w, https:\/\/trabada.gal\/wp-content\/uploads\/2025\/05\/108-480x600.jpg 480w, https:\/\/trabada.gal\/wp-content\/uploads\/2025\/05\/108-448x560.jpg 448w, https:\/\/trabada.gal\/wp-content\/uploads\/2025\/05\/108.jpg 1080w\" sizes=\"(max-width: 819px) 100vw, 819px\" \/><\/a>\n\t\t\t<\/dt><\/dl><dl class='gallery-item'>\n\t\t\t<dt class='gallery-icon portrait'>\n\t\t\t\t<a href='https:\/\/trabada.gal\/gl\/2025\/05\/07\/o-concello-de-trabada-mellora-a-rede-viaria-municipal-en-varios-barrios-do-municipio\/attachment\/109\/'><img loading=\"lazy\" decoding=\"async\" width=\"819\" height=\"1024\" src=\"https:\/\/trabada.gal\/wp-content\/uploads\/2025\/05\/109-819x1024.jpg\" class=\"attachment-large size-large\" alt=\"\" srcset=\"https:\/\/trabada.gal\/wp-content\/uploads\/2025\/05\/109-819x1024.jpg 819w, https:\/\/trabada.gal\/wp-content\/uploads\/2025\/05\/109-240x300.jpg 240w, https:\/\/trabada.gal\/wp-content\/uploads\/2025\/05\/109-768x960.jpg 768w, https:\/\/trabada.gal\/wp-content\/uploads\/2025\/05\/109-10x12.jpg 10w, https:\/\/trabada.gal\/wp-content\/uploads\/2025\/05\/109-480x600.jpg 480w, https:\/\/trabada.gal\/wp-content\/uploads\/2025\/05\/109-448x560.jpg 448w, https:\/\/trabada.gal\/wp-content\/uploads\/2025\/05\/109.jpg 1080w\" sizes=\"(max-width: 819px) 100vw, 819px\" \/><\/a>\n\t\t\t<\/dt><\/dl><dl class='gallery-item'>\n\t\t\t<dt class='gallery-icon portrait'>\n\t\t\t\t<a href='https:\/\/trabada.gal\/gl\/2025\/05\/07\/o-concello-de-trabada-mellora-a-rede-viaria-municipal-en-varios-barrios-do-municipio\/attachment\/110\/'><img loading=\"lazy\" decoding=\"async\" width=\"819\" height=\"1024\" src=\"https:\/\/trabada.gal\/wp-content\/uploads\/2025\/05\/110-819x1024.jpg\" class=\"attachment-large size-large\" alt=\"\" srcset=\"https:\/\/trabada.gal\/wp-content\/uploads\/2025\/05\/110-819x1024.jpg 819w, https:\/\/trabada.gal\/wp-content\/uploads\/2025\/05\/110-240x300.jpg 240w, https:\/\/trabada.gal\/wp-content\/uploads\/2025\/05\/110-768x960.jpg 768w, https:\/\/trabada.gal\/wp-content\/uploads\/2025\/05\/110-10x12.jpg 10w, https:\/\/trabada.gal\/wp-content\/uploads\/2025\/05\/110-480x600.jpg 480w, https:\/\/trabada.gal\/wp-content\/uploads\/2025\/05\/110-448x560.jpg 448w, https:\/\/trabada.gal\/wp-content\/uploads\/2025\/05\/110.jpg 1080w\" sizes=\"(max-width: 819px) 100vw, 819px\" \/><\/a>\n\t\t\t<\/dt><\/dl><br style=\"clear: both\" \/><dl class='gallery-item'>\n\t\t\t<dt class='gallery-icon portrait'>\n\t\t\t\t<a href='https:\/\/trabada.gal\/gl\/2025\/05\/07\/o-concello-de-trabada-mellora-a-rede-viaria-municipal-en-varios-barrios-do-municipio\/attachment\/111\/'><img loading=\"lazy\" decoding=\"async\" width=\"819\" height=\"1024\" src=\"https:\/\/trabada.gal\/wp-content\/uploads\/2025\/05\/111-819x1024.jpg\" class=\"attachment-large size-large\" alt=\"\" srcset=\"https:\/\/trabada.gal\/wp-content\/uploads\/2025\/05\/111-819x1024.jpg 819w, https:\/\/trabada.gal\/wp-content\/uploads\/2025\/05\/111-240x300.jpg 240w, https:\/\/trabada.gal\/wp-content\/uploads\/2025\/05\/111-768x960.jpg 768w, https:\/\/trabada.gal\/wp-content\/uploads\/2025\/05\/111-10x12.jpg 10w, https:\/\/trabada.gal\/wp-content\/uploads\/2025\/05\/111-480x600.jpg 480w, https:\/\/trabada.gal\/wp-content\/uploads\/2025\/05\/111-448x560.jpg 448w, https:\/\/trabada.gal\/wp-content\/uploads\/2025\/05\/111.jpg 1080w\" sizes=\"(max-width: 819px) 100vw, 819px\" \/><\/a>\n\t\t\t<\/dt><\/dl>\n\t\t\t<br style='clear: both' \/>\n\t\t<\/div>\n\n<p>&nbsp;<\/p>\n<p>&nbsp;<\/p>","protected":false},"excerpt":{"rendered":"<p>O Concello de Trabada v\u00e9n de realizar actuaci\u00f3ns de mellora en diversas v\u00edas de comunicaci\u00f3n co obxectivo de continuar avanzando na modernizaci\u00f3n e mantemento das infraestruturas locais. As intervenci\u00f3ns lev\u00e1ronse a cabo en diferentes barrios do concello, nomeadamente en Orrea, A Trapa, A Cachopa, O Chapizo, San Esteban, O Vilar e O Pantigal. Estas obras [&hellip;]<\/p>\n","protected":false},"author":1,"featured_media":6783,"comment_status":"closed","ping_status":"closed","sticky":false,"template":"","format":"standard","meta":{"footnotes":""},"categories":[90],"tags":[],"class_list":["post-6782","post","type-post","status-publish","format-standard","has-post-thumbnail","hentry","category-noticias"],"_links":{"self":[{"href":"https:\/\/trabada.gal\/gl\/wp-json\/wp\/v2\/posts\/6782","targetHints":{"allow":["GET"]}}],"collection":[{"href":"https:\/\/trabada.gal\/gl\/wp-json\/wp\/v2\/posts"}],"about":[{"href":"https:\/\/trabada.gal\/gl\/wp-json\/wp\/v2\/types\/post"}],"author":[{"embeddable":true,"href":"https:\/\/trabada.gal\/gl\/wp-json\/wp\/v2\/users\/1"}],"replies":[{"embeddable":true,"href":"https:\/\/trabada.gal\/gl\/wp-json\/wp\/v2\/comments?post=6782"}],"version-history":[{"count":0,"href":"https:\/\/trabada.gal\/gl\/wp-json\/wp\/v2\/posts\/6782\/revisions"}],"wp:featuredmedia":[{"embeddable":true,"href":"https:\/\/trabada.gal\/gl\/wp-json\/wp\/v2\/media\/6783"}],"wp:attachment":[{"href":"https:\/\/trabada.gal\/gl\/wp-json\/wp\/v2\/media?parent=6782"}],"wp:term":[{"taxonomy":"category","embeddable":true,"href":"https:\/\/trabada.gal\/gl\/wp-json\/wp\/v2\/categories?post=6782"},{"taxonomy":"post_tag","embeddable":true,"href":"https:\/\/trabada.gal\/gl\/wp-json\/wp\/v2\/tags?post=6782"}],"curies":[{"name":"wp","href":"https:\/\/api.w.org\/{rel}","templated":true}]}}