{"id":6795,"date":"2025-05-13T12:26:19","date_gmt":"2025-05-13T10:26:19","guid":{"rendered":"https:\/\/trabada.gal\/?p=6795"},"modified":"2025-05-14T10:26:27","modified_gmt":"2025-05-14T08:26:27","slug":"o-concello-de-trabada-colabora-co-i-descenso-de-carrilanas-que-se-celebra-o-24-de-maio-en-sante","status":"publish","type":"post","link":"https:\/\/trabada.gal\/gl\/2025\/05\/13\/o-concello-de-trabada-colabora-co-i-descenso-de-carrilanas-que-se-celebra-o-24-de-maio-en-sante\/","title":{"rendered":"O Concello de Trabada colabora co I Descenso de Carrilanas que se celebra o 24 de maio en Sante"},"content":{"rendered":"<p><span style=\"font-weight: 400;\">O vindeiro 24 de maio, o barrio de Sante acoller\u00e1 o I Descenso de Carrilanas, un evento organizado pola Asociaci\u00f3n de Veci\u00f1os San Juli\u00e1n de Sante coa colaboraci\u00f3n do Concello de Trabada, a Xunta de Galicia e outros colectivos e patrocinadores.<\/span><\/p>\n<p><span style=\"font-weight: 400;\">A xornada arrancar\u00e1 coa verificaci\u00f3n dos veh\u00edculos entre as 11:30 e as 13:00 horas, seguida dunha gran paellada \u00e1s 13:30 horas. O descenso das carrilanas comezar\u00e1 \u00e1s 16:00 horas, e a entrega de premios est\u00e1 prevista para as 20:40 horas.<\/span><\/p>\n<p><span style=\"font-weight: 400;\">Ademais do espect\u00e1culo deportivo, haber\u00e1 un men\u00fa completo con paella mixta, pan, bebida e postre, cos seguintes prezos: 18\u20ac para socios e participantes, 20\u20ac para non socios, e men\u00fa infantil (ata 6 anos) de balde. As inscrici\u00f3ns estar\u00e1n abertas ata o 21 de maio, a trav\u00e9s do tel\u00e9fono 636 024 263 ou no Teleclub de Sante.\u00a0<\/span><\/p>\n<p><span style=\"font-weight: 400;\">O alcalde de Trabada, Rub\u00e9n Garc\u00eda, destacou que \u201ccontinuamos desde o Concello colaborando con todas as asociaci\u00f3ns, clubs e entidades do municipio, non s\u00f3 para dar apoio lox\u00edstico, sen\u00f3n tam\u00e9n participando activamente na posta a punto do trazado\u201d. Engadiu ademais que \u201ca organizaci\u00f3n de eventos coma este \u00e9 fundamental para dinamizar a vida social e cultural do noso concello, e sempre contar\u00e1n co noso respaldo\u201d.<\/span><\/p>\n<p><span style=\"font-weight: 400;\">Este evento que combina deporte, gastronom\u00eda e participaci\u00f3n veci\u00f1al,\u00a0 sup\u00f3n unha nova oportunidade para fomentar o lecer e a convivencia na contorna rural de Trabada.<\/span><\/p>\n<p><img fetchpriority=\"high\" decoding=\"async\" class=\"alignnone wp-image-6797 size-large\" src=\"https:\/\/trabada.gal\/wp-content\/uploads\/2025\/05\/111-1-819x1024.jpg\" alt=\"\" width=\"819\" height=\"1024\" srcset=\"https:\/\/trabada.gal\/wp-content\/uploads\/2025\/05\/111-1-819x1024.jpg 819w, https:\/\/trabada.gal\/wp-content\/uploads\/2025\/05\/111-1-240x300.jpg 240w, https:\/\/trabada.gal\/wp-content\/uploads\/2025\/05\/111-1-768x960.jpg 768w, https:\/\/trabada.gal\/wp-content\/uploads\/2025\/05\/111-1-10x12.jpg 10w, https:\/\/trabada.gal\/wp-content\/uploads\/2025\/05\/111-1-480x600.jpg 480w, https:\/\/trabada.gal\/wp-content\/uploads\/2025\/05\/111-1-448x560.jpg 448w, https:\/\/trabada.gal\/wp-content\/uploads\/2025\/05\/111-1.jpg 1080w\" sizes=\"(max-width: 819px) 100vw, 819px\" \/><\/p>","protected":false},"excerpt":{"rendered":"<p>O vindeiro 24 de maio, o barrio de Sante acoller\u00e1 o I Descenso de Carrilanas, un evento organizado pola Asociaci\u00f3n de Veci\u00f1os San Juli\u00e1n de Sante coa colaboraci\u00f3n do Concello de Trabada, a Xunta de Galicia e outros colectivos e patrocinadores. A xornada arrancar\u00e1 coa verificaci\u00f3n dos veh\u00edculos entre as 11:30 e as 13:00 horas, [&hellip;]<\/p>\n","protected":false},"author":1,"featured_media":6796,"comment_status":"closed","ping_status":"closed","sticky":false,"template":"","format":"standard","meta":{"footnotes":""},"categories":[90],"tags":[],"class_list":["post-6795","post","type-post","status-publish","format-standard","has-post-thumbnail","hentry","category-noticias"],"_links":{"self":[{"href":"https:\/\/trabada.gal\/gl\/wp-json\/wp\/v2\/posts\/6795","targetHints":{"allow":["GET"]}}],"collection":[{"href":"https:\/\/trabada.gal\/gl\/wp-json\/wp\/v2\/posts"}],"about":[{"href":"https:\/\/trabada.gal\/gl\/wp-json\/wp\/v2\/types\/post"}],"author":[{"embeddable":true,"href":"https:\/\/trabada.gal\/gl\/wp-json\/wp\/v2\/users\/1"}],"replies":[{"embeddable":true,"href":"https:\/\/trabada.gal\/gl\/wp-json\/wp\/v2\/comments?post=6795"}],"version-history":[{"count":0,"href":"https:\/\/trabada.gal\/gl\/wp-json\/wp\/v2\/posts\/6795\/revisions"}],"wp:featuredmedia":[{"embeddable":true,"href":"https:\/\/trabada.gal\/gl\/wp-json\/wp\/v2\/media\/6796"}],"wp:attachment":[{"href":"https:\/\/trabada.gal\/gl\/wp-json\/wp\/v2\/media?parent=6795"}],"wp:term":[{"taxonomy":"category","embeddable":true,"href":"https:\/\/trabada.gal\/gl\/wp-json\/wp\/v2\/categories?post=6795"},{"taxonomy":"post_tag","embeddable":true,"href":"https:\/\/trabada.gal\/gl\/wp-json\/wp\/v2\/tags?post=6795"}],"curies":[{"name":"wp","href":"https:\/\/api.w.org\/{rel}","templated":true}]}}