{"id":6799,"date":"2025-05-14T11:14:33","date_gmt":"2025-05-14T09:14:33","guid":{"rendered":"https:\/\/trabada.gal\/?p=6799"},"modified":"2025-05-14T11:14:33","modified_gmt":"2025-05-14T09:14:33","slug":"o-concello-de-trabada-celebra-este-sabado-a-comida-dos-maiores-con-preto-de-300-participantes","status":"publish","type":"post","link":"https:\/\/trabada.gal\/gl\/2025\/05\/14\/o-concello-de-trabada-celebra-este-sabado-a-comida-dos-maiores-con-preto-de-300-participantes\/","title":{"rendered":"O Concello de Trabada celebra este s\u00e1bado a comida dos maiores con preto de 300 participantes"},"content":{"rendered":"<p><span style=\"font-weight: 400;\">O Concello de Trabada acoller\u00e1 este s\u00e1bado unha das citas m\u00e1is significativas do seu calendario social: o tradicional <\/span><i><span style=\"font-weight: 400;\">Encontro dos Maiores<\/span><\/i><span style=\"font-weight: 400;\">. Unha xornada de convivencia na que est\u00e1 prevista a participaci\u00f3n de case 300 persoas, consolid\u00e1ndose como unha das actividades m\u00e1is destacadas e emotivas do ano.<\/span><\/p>\n<p><span style=\"font-weight: 400;\">Esta celebraci\u00f3n sup\u00f3n unha oportunidade para render homenaxe \u00e1s xeraci\u00f3ns que contribu\u00edron co seu traballo e esforzo ao desenvolvemento do municipio, convert\u00e9ndose nun s\u00edmbolo de reco\u00f1ecemento e agradecemento colectivo.<\/span><\/p>\n<p><span style=\"font-weight: 400;\">O alcalde de Trabada, Rub\u00e9n Garc\u00eda, destacou a importancia deste evento: \u201c\u00c9 todo un orgullo para min como alcalde poder reunir a todas esas persoas que tanto fixeron por Trabada ao longo das s\u00faas vidas. Son xeraci\u00f3ns que constru\u00edron o noso presente, e agora merecen gozar dun retiro digno e cheo de momentos como este\u201d.<\/span><\/p>\n<p><span style=\"font-weight: 400;\">O Encontro dos Maiores incluir\u00e1 unha comida de confraternidade e diferentes actividades para favorecer o reencontro, o lecer e o reco\u00f1ecemento \u00e1s veci\u00f1as e veci\u00f1os da terceira idade.<\/span><\/p>\n<p><span style=\"font-weight: 400;\">Con esta iniciativa, o Concello de Trabada reafirma o seu compromiso co benestar das persoas maiores e coa posta en valor da s\u00faa traxectoria vital como parte esencial da identidade local.<\/span><\/p>\n<p>&nbsp;<\/p>","protected":false},"excerpt":{"rendered":"<p>O Concello de Trabada acoller\u00e1 este s\u00e1bado unha das citas m\u00e1is significativas do seu calendario social: o tradicional Encontro dos Maiores. Unha xornada de convivencia na que est\u00e1 prevista a participaci\u00f3n de case 300 persoas, consolid\u00e1ndose como unha das actividades m\u00e1is destacadas e emotivas do ano. Esta celebraci\u00f3n sup\u00f3n unha oportunidade para render homenaxe \u00e1s [&hellip;]<\/p>\n","protected":false},"author":1,"featured_media":6800,"comment_status":"closed","ping_status":"closed","sticky":false,"template":"","format":"standard","meta":{"footnotes":""},"categories":[90],"tags":[],"class_list":["post-6799","post","type-post","status-publish","format-standard","has-post-thumbnail","hentry","category-noticias"],"_links":{"self":[{"href":"https:\/\/trabada.gal\/gl\/wp-json\/wp\/v2\/posts\/6799","targetHints":{"allow":["GET"]}}],"collection":[{"href":"https:\/\/trabada.gal\/gl\/wp-json\/wp\/v2\/posts"}],"about":[{"href":"https:\/\/trabada.gal\/gl\/wp-json\/wp\/v2\/types\/post"}],"author":[{"embeddable":true,"href":"https:\/\/trabada.gal\/gl\/wp-json\/wp\/v2\/users\/1"}],"replies":[{"embeddable":true,"href":"https:\/\/trabada.gal\/gl\/wp-json\/wp\/v2\/comments?post=6799"}],"version-history":[{"count":0,"href":"https:\/\/trabada.gal\/gl\/wp-json\/wp\/v2\/posts\/6799\/revisions"}],"wp:featuredmedia":[{"embeddable":true,"href":"https:\/\/trabada.gal\/gl\/wp-json\/wp\/v2\/media\/6800"}],"wp:attachment":[{"href":"https:\/\/trabada.gal\/gl\/wp-json\/wp\/v2\/media?parent=6799"}],"wp:term":[{"taxonomy":"category","embeddable":true,"href":"https:\/\/trabada.gal\/gl\/wp-json\/wp\/v2\/categories?post=6799"},{"taxonomy":"post_tag","embeddable":true,"href":"https:\/\/trabada.gal\/gl\/wp-json\/wp\/v2\/tags?post=6799"}],"curies":[{"name":"wp","href":"https:\/\/api.w.org\/{rel}","templated":true}]}}