{"id":6802,"date":"2025-05-16T11:00:35","date_gmt":"2025-05-16T09:00:35","guid":{"rendered":"https:\/\/trabada.gal\/?p=6802"},"modified":"2025-05-16T11:00:35","modified_gmt":"2025-05-16T09:00:35","slug":"os-concellos-de-trabada-lourenza-e-barreiros-esixen-a-xunta-que-cumpra-coas-axudas-prometidas-para-o-sector-da-faba","status":"publish","type":"post","link":"https:\/\/trabada.gal\/gl\/2025\/05\/16\/os-concellos-de-trabada-lourenza-e-barreiros-esixen-a-xunta-que-cumpra-coas-axudas-prometidas-para-o-sector-da-faba\/","title":{"rendered":"Os Concellos de Trabada, Lourenz\u00e1 e Barreiros esixen \u00e1 Xunta que cumpra coas axudas prometidas para o sector da faba"},"content":{"rendered":"<p><span style=\"font-weight: 400;\">\u00a0Os Concellos de Trabada, Lourenz\u00e1 e Barreiros remitiron unha carta conxunta \u00e1 Conselleira do Medio Rural da Xunta de Galicia para esixir a activaci\u00f3n inmediata das axudas prometidas ao sector da faba, comprometidas publicamente o pasado 14 de marzo durante unha reuni\u00f3n en Ribadeo.<\/span><\/p>\n<p><span style=\"font-weight: 400;\">Tal e como figura no escrito oficial, os tres concellos trasladan a s\u00faa profunda preocupaci\u00f3n pola falta de aplicaci\u00f3n efectiva das medidas anunciadas, como as axudas directas de ata 2.000 euros por hect\u00e1rea e a posta en marcha dun instrumento financeiro para dotar de liquidez \u00e1s explotaci\u00f3ns afectadas pola catastr\u00f3fica campa\u00f1a de 2024. A d\u00eda de hoxe, sinalan, ningunha destas medidas foi activada.<\/span><\/p>\n<p><span style=\"font-weight: 400;\">O alcalde de Trabada, Rub\u00e9n Garc\u00eda, \u00e9 contundente ao respecto: \u201cEsiximos \u00e1 conselleira que cumpra coa s\u00faa palabra. Despois de todas as promesas realizadas, estamos xa a 16 de maio e a\u00ednda non chegou nada. O sector non pode agardar m\u00e1is\u201d.<\/span><\/p>\n<p><span style=\"font-weight: 400;\">A carta advirte que as perdas da \u00faltima campa\u00f1a superaron o 80%, deixando moitas familias produtoras nunha situaci\u00f3n l\u00edmite, sen apenas recursos para afrontar unha nova sementeira e con d\u00e9bedas acumuladas.<\/span><\/p>\n<p><span style=\"font-weight: 400;\">Entre as demandas inclu\u00eddas no documento, destacan:<\/span><\/p>\n<ul>\n<li style=\"font-weight: 400;\" aria-level=\"1\"><span style=\"font-weight: 400;\">A activaci\u00f3n inmediata das axudas directas e de liquidez.<\/span><span style=\"font-weight: 400;\">\n<p><\/span><\/li>\n<li style=\"font-weight: 400;\" aria-level=\"1\"><span style=\"font-weight: 400;\">A extensi\u00f3n destas axudas a todos os produtores, pertenzan ou non \u00e1 IXP Faba de Lourenz\u00e1.<\/span><span style=\"font-weight: 400;\">\n<p><\/span><\/li>\n<li style=\"font-weight: 400;\" aria-level=\"1\"><span style=\"font-weight: 400;\">A creaci\u00f3n dun plan de investigaci\u00f3n agron\u00f3mica e fitopatol\u00f3xica.<\/span><span style=\"font-weight: 400;\">\n<p><\/span><\/li>\n<li style=\"font-weight: 400;\" aria-level=\"1\"><span style=\"font-weight: 400;\">A colaboraci\u00f3n co Principado de Asturias para reclamar conxuntamente en Madrid unha axuda asociada para a faba no marco da PAC.<\/span><\/li>\n<\/ul>\n<p><span style=\"font-weight: 400;\">Os tres concellos recordan que a faba \u00e9 un cultivo estrat\u00e9xico, parte do patrimonio agr\u00edcola e cultural da Mari\u00f1a, polo que consideran inaceptable que a s\u00faa continuidade se vexa comprometida pola inacci\u00f3n administrativa.<\/span><\/p>\n<p><span style=\"font-weight: 400;\">Desde o Concello de Trabada reiteran o seu compromiso co rural e coas familias produtoras da comarca, e demandan da Xunta respostas inmediatas e medidas efectivas.<\/span><\/p>\n<p>&nbsp;<\/p>","protected":false},"excerpt":{"rendered":"<p>\u00a0Os Concellos de Trabada, Lourenz\u00e1 e Barreiros remitiron unha carta conxunta \u00e1 Conselleira do Medio Rural da Xunta de Galicia para esixir a activaci\u00f3n inmediata das axudas prometidas ao sector da faba, comprometidas publicamente o pasado 14 de marzo durante unha reuni\u00f3n en Ribadeo. Tal e como figura no escrito oficial, os tres concellos trasladan [&hellip;]<\/p>\n","protected":false},"author":1,"featured_media":6803,"comment_status":"closed","ping_status":"closed","sticky":false,"template":"","format":"standard","meta":{"footnotes":""},"categories":[90],"tags":[],"class_list":["post-6802","post","type-post","status-publish","format-standard","has-post-thumbnail","hentry","category-noticias"],"_links":{"self":[{"href":"https:\/\/trabada.gal\/gl\/wp-json\/wp\/v2\/posts\/6802","targetHints":{"allow":["GET"]}}],"collection":[{"href":"https:\/\/trabada.gal\/gl\/wp-json\/wp\/v2\/posts"}],"about":[{"href":"https:\/\/trabada.gal\/gl\/wp-json\/wp\/v2\/types\/post"}],"author":[{"embeddable":true,"href":"https:\/\/trabada.gal\/gl\/wp-json\/wp\/v2\/users\/1"}],"replies":[{"embeddable":true,"href":"https:\/\/trabada.gal\/gl\/wp-json\/wp\/v2\/comments?post=6802"}],"version-history":[{"count":0,"href":"https:\/\/trabada.gal\/gl\/wp-json\/wp\/v2\/posts\/6802\/revisions"}],"wp:featuredmedia":[{"embeddable":true,"href":"https:\/\/trabada.gal\/gl\/wp-json\/wp\/v2\/media\/6803"}],"wp:attachment":[{"href":"https:\/\/trabada.gal\/gl\/wp-json\/wp\/v2\/media?parent=6802"}],"wp:term":[{"taxonomy":"category","embeddable":true,"href":"https:\/\/trabada.gal\/gl\/wp-json\/wp\/v2\/categories?post=6802"},{"taxonomy":"post_tag","embeddable":true,"href":"https:\/\/trabada.gal\/gl\/wp-json\/wp\/v2\/tags?post=6802"}],"curies":[{"name":"wp","href":"https:\/\/api.w.org\/{rel}","templated":true}]}}