{"id":6805,"date":"2025-05-19T11:11:26","date_gmt":"2025-05-19T09:11:26","guid":{"rendered":"https:\/\/trabada.gal\/?p=6805"},"modified":"2025-05-19T11:11:26","modified_gmt":"2025-05-19T09:11:26","slug":"o-concello-de-trabada-conta-cunha-axuda-da-xunta-para-rehabilitar-a-escola-de-vidal-como-vivenda-social","status":"publish","type":"post","link":"https:\/\/trabada.gal\/gl\/2025\/05\/19\/o-concello-de-trabada-conta-cunha-axuda-da-xunta-para-rehabilitar-a-escola-de-vidal-como-vivenda-social\/","title":{"rendered":"O Concello de Trabada conta cunha axuda da Xunta para rehabilitar a escola de Vidal como vivenda social"},"content":{"rendered":"<p><span style=\"font-weight: 400;\">O Concello de Trabada v\u00e9n de conseguir unha axuda de 19.999,99 euros a trav\u00e9s do programa de correcci\u00f3n de impactos paisax\u00edsticos do Instituto de Estudos do Territorio da Xunta de Galicia. Esta achega permitir\u00e1 executar a substituci\u00f3n da cuberta e a instalaci\u00f3n de novos canal\u00f3ns na antiga escola de Vidal, co obxectivo de mellorar a eficiencia enerx\u00e9tica do inmoble.<\/span><\/p>\n<p><span style=\"font-weight: 400;\">O custo total do proxecto ascende a 28.571,42 euros, polo que o Concello aportar\u00e1 8.571,43 euros de fondos propios, reafirmando as\u00ed o seu compromiso coa posta en valor dos espazos p\u00fablicos e coas pol\u00edticas sociais.<\/span><\/p>\n<p><span style=\"font-weight: 400;\">A vivenda situada na antiga escola de Vidal foi destinada a alugueiro social durante este ano, xunto con outros inmobles municipais que forman parte do plan do Concello para dar novos usos sociais \u00e1s antigas escolas da localidade.<\/span><\/p>\n<p><span style=\"font-weight: 400;\">O alcalde de Trabada, Rub\u00e9n Garc\u00eda, sinalou que \u201ccontinuamos traballando para aproveitar os nosos recursos municipais con fins sociais. A recuperaci\u00f3n das antigas escolas \u00e9 unha oportunidade para ofrecer vivenda digna, accesible e cun impacto positivo na paisaxe e na vida da veci\u00f1anza\u201d.<\/span><\/p>\n<p><span style=\"font-weight: 400;\">Ademais, nas vindeiras semanas comezar\u00e1n as obras de reforma da vivenda da antiga escola de Valboa, que tam\u00e9n ser\u00e1 destinada a alugueiro social unha vez rematadas as actuaci\u00f3ns.<\/span><\/p>\n<p><span style=\"font-weight: 400;\">Con este tipo de proxectos, o Concello de Trabada aposta por unha xesti\u00f3n responsable do patrimonio p\u00fablico, que contrib\u00fae \u00e1 mellora da calidade de vida da poboaci\u00f3n e \u00e1 loita contra o despoboamento.<\/span><\/p>\n<p>&nbsp;<\/p>","protected":false},"excerpt":{"rendered":"<p>O Concello de Trabada v\u00e9n de conseguir unha axuda de 19.999,99 euros a trav\u00e9s do programa de correcci\u00f3n de impactos paisax\u00edsticos do Instituto de Estudos do Territorio da Xunta de Galicia. Esta achega permitir\u00e1 executar a substituci\u00f3n da cuberta e a instalaci\u00f3n de novos canal\u00f3ns na antiga escola de Vidal, co obxectivo de mellorar a [&hellip;]<\/p>\n","protected":false},"author":1,"featured_media":6806,"comment_status":"closed","ping_status":"closed","sticky":false,"template":"","format":"standard","meta":{"footnotes":""},"categories":[90],"tags":[],"class_list":["post-6805","post","type-post","status-publish","format-standard","has-post-thumbnail","hentry","category-noticias"],"_links":{"self":[{"href":"https:\/\/trabada.gal\/gl\/wp-json\/wp\/v2\/posts\/6805","targetHints":{"allow":["GET"]}}],"collection":[{"href":"https:\/\/trabada.gal\/gl\/wp-json\/wp\/v2\/posts"}],"about":[{"href":"https:\/\/trabada.gal\/gl\/wp-json\/wp\/v2\/types\/post"}],"author":[{"embeddable":true,"href":"https:\/\/trabada.gal\/gl\/wp-json\/wp\/v2\/users\/1"}],"replies":[{"embeddable":true,"href":"https:\/\/trabada.gal\/gl\/wp-json\/wp\/v2\/comments?post=6805"}],"version-history":[{"count":0,"href":"https:\/\/trabada.gal\/gl\/wp-json\/wp\/v2\/posts\/6805\/revisions"}],"wp:featuredmedia":[{"embeddable":true,"href":"https:\/\/trabada.gal\/gl\/wp-json\/wp\/v2\/media\/6806"}],"wp:attachment":[{"href":"https:\/\/trabada.gal\/gl\/wp-json\/wp\/v2\/media?parent=6805"}],"wp:term":[{"taxonomy":"category","embeddable":true,"href":"https:\/\/trabada.gal\/gl\/wp-json\/wp\/v2\/categories?post=6805"},{"taxonomy":"post_tag","embeddable":true,"href":"https:\/\/trabada.gal\/gl\/wp-json\/wp\/v2\/tags?post=6805"}],"curies":[{"name":"wp","href":"https:\/\/api.w.org\/{rel}","templated":true}]}}