{"id":6809,"date":"2025-05-27T14:14:56","date_gmt":"2025-05-27T12:14:56","guid":{"rendered":"https:\/\/trabada.gal\/?p=6809"},"modified":"2025-05-27T14:14:56","modified_gmt":"2025-05-27T12:14:56","slug":"novas-melloras-en-caminos-municipais-grazas-ao-plan-camina-rural-2025-2026","status":"publish","type":"post","link":"https:\/\/trabada.gal\/gl\/2025\/05\/27\/novas-melloras-en-caminos-municipais-grazas-ao-plan-camina-rural-2025-2026\/","title":{"rendered":"Novas melloras en cami\u00f1os municipais grazas ao Plan Cami\u00f1a Rural 2025-2026"},"content":{"rendered":"<p><span style=\"font-weight: 400;\">O Concello de Trabada contin\u00faa avanzando na mellora da s\u00faa rede viaria rural grazas a unha nova axuda de 59.102 euros ao abeiro do Plan Cami\u00f1a Rural 2025\u20132026 da Axencia Galega de Desenvolvemento Rural (Agader).<\/span><\/p>\n<p><span style=\"font-weight: 400;\">Este investimento permitir\u00e1 actuar sobre diversos cami\u00f1os nos lugares de Pacios, A Retorta, Follabal e Val das Eguas, con actuaci\u00f3ns destinadas a mellorar o estado do firme, garantir a accesibilidade e reforzar a seguridade das v\u00edas que conectan n\u00facleos de poboaci\u00f3n e zonas agr\u00edcolas.<\/span><\/p>\n<p><span style=\"font-weight: 400;\">O orzamento total do proxecto ascende a 76.020,56 euros, dos cales o Concello aportar\u00e1 16.918,56 euros con fondos propios, reforzando o seu compromiso co equilibrio territorial e o apoio \u00e1 vida no rural.<\/span><\/p>\n<p><span style=\"font-weight: 400;\">O alcalde de Trabada, Rub\u00e9n Garc\u00eda, salientou que \u201cesta nova achega permitir\u00e1nos seguir actuando sobre cami\u00f1os esenciais para a mobilidade da veci\u00f1anza, facilitando a actividade econ\u00f3mica e garantindo servizos en parroquias que, como as do noso concello, precisan de infraestruturas coidadas e funcionais\u201d.<\/span><\/p>\n<p><span style=\"font-weight: 400;\">Ademais, engadiu que \u201cdesde o Concello estamos comprometidos en continuar mellorando as v\u00edas de comunicaci\u00f3n en todas as parroquias, e esta li\u00f1a de axudas de Agader \u00e9 unha ferramenta \u00fatil para avanzar nese obxectivo com\u00fan\u201d.<\/span><\/p>\n<p><span style=\"font-weight: 400;\">O Concello de Trabada contin\u00faa as\u00ed co seu plan de actuaci\u00f3n sobre estradas municipais, que pretende modernizar a rede de cami\u00f1os rurais como base para un rural vivo, conectado e sustentable.<\/span><\/p>\n<p>&nbsp;<\/p>","protected":false},"excerpt":{"rendered":"<p>O Concello de Trabada contin\u00faa avanzando na mellora da s\u00faa rede viaria rural grazas a unha nova axuda de 59.102 euros ao abeiro do Plan Cami\u00f1a Rural 2025\u20132026 da Axencia Galega de Desenvolvemento Rural (Agader). Este investimento permitir\u00e1 actuar sobre diversos cami\u00f1os nos lugares de Pacios, A Retorta, Follabal e Val das Eguas, con actuaci\u00f3ns [&hellip;]<\/p>\n","protected":false},"author":1,"featured_media":6810,"comment_status":"closed","ping_status":"closed","sticky":false,"template":"","format":"standard","meta":{"footnotes":""},"categories":[90],"tags":[],"class_list":["post-6809","post","type-post","status-publish","format-standard","has-post-thumbnail","hentry","category-noticias"],"_links":{"self":[{"href":"https:\/\/trabada.gal\/gl\/wp-json\/wp\/v2\/posts\/6809","targetHints":{"allow":["GET"]}}],"collection":[{"href":"https:\/\/trabada.gal\/gl\/wp-json\/wp\/v2\/posts"}],"about":[{"href":"https:\/\/trabada.gal\/gl\/wp-json\/wp\/v2\/types\/post"}],"author":[{"embeddable":true,"href":"https:\/\/trabada.gal\/gl\/wp-json\/wp\/v2\/users\/1"}],"replies":[{"embeddable":true,"href":"https:\/\/trabada.gal\/gl\/wp-json\/wp\/v2\/comments?post=6809"}],"version-history":[{"count":0,"href":"https:\/\/trabada.gal\/gl\/wp-json\/wp\/v2\/posts\/6809\/revisions"}],"wp:featuredmedia":[{"embeddable":true,"href":"https:\/\/trabada.gal\/gl\/wp-json\/wp\/v2\/media\/6810"}],"wp:attachment":[{"href":"https:\/\/trabada.gal\/gl\/wp-json\/wp\/v2\/media?parent=6809"}],"wp:term":[{"taxonomy":"category","embeddable":true,"href":"https:\/\/trabada.gal\/gl\/wp-json\/wp\/v2\/categories?post=6809"},{"taxonomy":"post_tag","embeddable":true,"href":"https:\/\/trabada.gal\/gl\/wp-json\/wp\/v2\/tags?post=6809"}],"curies":[{"name":"wp","href":"https:\/\/api.w.org\/{rel}","templated":true}]}}