{"id":6812,"date":"2025-06-02T12:11:48","date_gmt":"2025-06-02T10:11:48","guid":{"rendered":"https:\/\/trabada.gal\/?p=6812"},"modified":"2025-06-02T12:11:48","modified_gmt":"2025-06-02T10:11:48","slug":"os-concellos-de-trabada-e-barreiros-conseguen-unha-axuda-para-mellorar-a-via-entre-fornea-e-vilamartin-pequeno","status":"publish","type":"post","link":"https:\/\/trabada.gal\/gl\/2025\/06\/02\/os-concellos-de-trabada-e-barreiros-conseguen-unha-axuda-para-mellorar-a-via-entre-fornea-e-vilamartin-pequeno\/","title":{"rendered":"Os Concellos de Trabada e Barreiros conseguen unha axuda para mellorar a v\u00eda entre F\u00f3rnea e Vilamart\u00edn Pequeno"},"content":{"rendered":"<p><span style=\"font-weight: 400;\">Os Concellos de Trabada e Barreiros acometer\u00e1n a mellora da v\u00eda que conecta os n\u00facleos de F\u00f3rnea e Vilamart\u00edn Pequeno grazas \u00e1 consecuci\u00f3n dunha subvenci\u00f3n conxunta de 35.616,26 euros destinada \u00e1 mellora de infraestruturas viarias de titularidade municipal.<\/span><\/p>\n<p><span style=\"font-weight: 400;\">O proxecto, cun orzamento total de 50.880,37 euros, contar\u00e1 cunha aportaci\u00f3n de ambos concellos de 15.264,11 euros, o que permitir\u00e1 executar obras de mellora no firme e garantir unha comunicaci\u00f3n m\u00e1is segura e c\u00f3moda para a veci\u00f1anza da zona.<\/span><\/p>\n<p><span style=\"font-weight: 400;\">O alcalde de Trabada, Rub\u00e9n Garc\u00eda, subli\u00f1ou a importancia da colaboraci\u00f3n entre concellos lim\u00edtrofes para levar a cabo proxectos de interese com\u00fan:\u00a0 \u201cDesde o Concello de Trabada celebramos a boa relaci\u00f3n e cooperaci\u00f3n constante cos concellos veci\u00f1os, como neste caso co Concello de Barreiros. Esta v\u00eda \u00e9 utilizada pola veci\u00f1anza de ambos municipios, e traballar xuntos perm\u00edtenos mellorar a calidade de vida das persoas e avanzar cara a un rural m\u00e1is conectado e funcional.\u201d<\/span><\/p>\n<p><span style=\"font-weight: 400;\">Con actuaci\u00f3ns como esta, os concellos de Trabada e Barreiros reafirman o seu compromiso coa mellora das infraestruturas rurais e co traballo conxunto como ferramenta para optimizar recursos e dar resposta \u00e1s necesidades reais da cidadan\u00eda.\u00a0<\/span><\/p>\n<p>&nbsp;<\/p>","protected":false},"excerpt":{"rendered":"<p>Os Concellos de Trabada e Barreiros acometer\u00e1n a mellora da v\u00eda que conecta os n\u00facleos de F\u00f3rnea e Vilamart\u00edn Pequeno grazas \u00e1 consecuci\u00f3n dunha subvenci\u00f3n conxunta de 35.616,26 euros destinada \u00e1 mellora de infraestruturas viarias de titularidade municipal. O proxecto, cun orzamento total de 50.880,37 euros, contar\u00e1 cunha aportaci\u00f3n de ambos concellos de 15.264,11 euros, [&hellip;]<\/p>\n","protected":false},"author":1,"featured_media":6813,"comment_status":"closed","ping_status":"closed","sticky":false,"template":"","format":"standard","meta":{"footnotes":""},"categories":[90],"tags":[],"class_list":["post-6812","post","type-post","status-publish","format-standard","has-post-thumbnail","hentry","category-noticias"],"_links":{"self":[{"href":"https:\/\/trabada.gal\/gl\/wp-json\/wp\/v2\/posts\/6812","targetHints":{"allow":["GET"]}}],"collection":[{"href":"https:\/\/trabada.gal\/gl\/wp-json\/wp\/v2\/posts"}],"about":[{"href":"https:\/\/trabada.gal\/gl\/wp-json\/wp\/v2\/types\/post"}],"author":[{"embeddable":true,"href":"https:\/\/trabada.gal\/gl\/wp-json\/wp\/v2\/users\/1"}],"replies":[{"embeddable":true,"href":"https:\/\/trabada.gal\/gl\/wp-json\/wp\/v2\/comments?post=6812"}],"version-history":[{"count":0,"href":"https:\/\/trabada.gal\/gl\/wp-json\/wp\/v2\/posts\/6812\/revisions"}],"wp:featuredmedia":[{"embeddable":true,"href":"https:\/\/trabada.gal\/gl\/wp-json\/wp\/v2\/media\/6813"}],"wp:attachment":[{"href":"https:\/\/trabada.gal\/gl\/wp-json\/wp\/v2\/media?parent=6812"}],"wp:term":[{"taxonomy":"category","embeddable":true,"href":"https:\/\/trabada.gal\/gl\/wp-json\/wp\/v2\/categories?post=6812"},{"taxonomy":"post_tag","embeddable":true,"href":"https:\/\/trabada.gal\/gl\/wp-json\/wp\/v2\/tags?post=6812"}],"curies":[{"name":"wp","href":"https:\/\/api.w.org\/{rel}","templated":true}]}}