{"id":6815,"date":"2025-06-03T12:27:54","date_gmt":"2025-06-03T10:27:54","guid":{"rendered":"https:\/\/trabada.gal\/?p=6815"},"modified":"2025-06-03T12:27:54","modified_gmt":"2025-06-03T10:27:54","slug":"o-concello-de-trabada-organiza-unha-nova-viaxe-a-gijon-para-o-24-de-xuno","status":"publish","type":"post","link":"https:\/\/trabada.gal\/gl\/2025\/06\/03\/o-concello-de-trabada-organiza-unha-nova-viaxe-a-gijon-para-o-24-de-xuno\/","title":{"rendered":"O Concello de Trabada organiza unha nova viaxe a Gij\u00f3n para o 24 de xu\u00f1o"},"content":{"rendered":"<p><span style=\"font-weight: 400;\">O Concello de Trabada impulsa unha nova actividade de lecer e convivencia coa organizaci\u00f3n dunha viaxe \u00e1 cidade de Gij\u00f3n, que ter\u00e1 lugar o 24 de xu\u00f1o. A iniciativa est\u00e1 dirixida a veci\u00f1os e veci\u00f1as de Trabada e a usuarias e usuarios do servizo de Terapia Ocupacional.<\/span><\/p>\n<p><span style=\"font-weight: 400;\">O programa da xornada incl\u00fae a visita ao Acuario, ao Museo do Ferrocarril, xantar\u00a0 e o seguro de viaxe. O prezo total \u00e9 de 50 euros por persoa.<\/span><\/p>\n<p><span style=\"font-weight: 400;\">As persoas interesadas poden formalizar a s\u00faa inscrici\u00f3n e facer o pago nas oficinas municipais do Concello de Trabada ata o 13 de xu\u00f1o. As prazas son limitadas e no caso de quedar vacantes tras ese prazo, poder\u00e1n acudir persoas con familiares empadroados en Trabada.<\/span><\/p>\n<p><span style=\"font-weight: 400;\">Desde o Concello de Trabada destacan que este tipo de propostas buscan fomentar a participaci\u00f3n social, o acceso \u00e1 cultura e o benestar emocional da veci\u00f1anza, promovendo espazos de encontro e dinamizaci\u00f3n comunitaria.<\/span><\/p>","protected":false},"excerpt":{"rendered":"<p>O Concello de Trabada impulsa unha nova actividade de lecer e convivencia coa organizaci\u00f3n dunha viaxe \u00e1 cidade de Gij\u00f3n, que ter\u00e1 lugar o 24 de xu\u00f1o. A iniciativa est\u00e1 dirixida a veci\u00f1os e veci\u00f1as de Trabada e a usuarias e usuarios do servizo de Terapia Ocupacional. O programa da xornada incl\u00fae a visita ao [&hellip;]<\/p>\n","protected":false},"author":1,"featured_media":6816,"comment_status":"closed","ping_status":"closed","sticky":false,"template":"","format":"standard","meta":{"footnotes":""},"categories":[90],"tags":[],"class_list":["post-6815","post","type-post","status-publish","format-standard","has-post-thumbnail","hentry","category-noticias"],"_links":{"self":[{"href":"https:\/\/trabada.gal\/gl\/wp-json\/wp\/v2\/posts\/6815","targetHints":{"allow":["GET"]}}],"collection":[{"href":"https:\/\/trabada.gal\/gl\/wp-json\/wp\/v2\/posts"}],"about":[{"href":"https:\/\/trabada.gal\/gl\/wp-json\/wp\/v2\/types\/post"}],"author":[{"embeddable":true,"href":"https:\/\/trabada.gal\/gl\/wp-json\/wp\/v2\/users\/1"}],"replies":[{"embeddable":true,"href":"https:\/\/trabada.gal\/gl\/wp-json\/wp\/v2\/comments?post=6815"}],"version-history":[{"count":0,"href":"https:\/\/trabada.gal\/gl\/wp-json\/wp\/v2\/posts\/6815\/revisions"}],"wp:featuredmedia":[{"embeddable":true,"href":"https:\/\/trabada.gal\/gl\/wp-json\/wp\/v2\/media\/6816"}],"wp:attachment":[{"href":"https:\/\/trabada.gal\/gl\/wp-json\/wp\/v2\/media?parent=6815"}],"wp:term":[{"taxonomy":"category","embeddable":true,"href":"https:\/\/trabada.gal\/gl\/wp-json\/wp\/v2\/categories?post=6815"},{"taxonomy":"post_tag","embeddable":true,"href":"https:\/\/trabada.gal\/gl\/wp-json\/wp\/v2\/tags?post=6815"}],"curies":[{"name":"wp","href":"https:\/\/api.w.org\/{rel}","templated":true}]}}