{"id":6819,"date":"2025-06-05T12:07:12","date_gmt":"2025-06-05T10:07:12","guid":{"rendered":"https:\/\/trabada.gal\/?p=6819"},"modified":"2025-06-05T12:08:16","modified_gmt":"2025-06-05T10:08:16","slug":"trabada-acolle-a-i-concentracion-motera-os-dias-21-e-22-de-xuno","status":"publish","type":"post","link":"https:\/\/trabada.gal\/gl\/2025\/06\/05\/trabada-acolle-a-i-concentracion-motera-os-dias-21-e-22-de-xuno\/","title":{"rendered":"Trabada acolle a I Concentraci\u00f3n Motera os d\u00edas 21 e 22 de xu\u00f1o"},"content":{"rendered":"<p><span style=\"font-weight: 400;\">O Concello de Trabada colabora co rec\u00e9n creado Motoclube A Cadeira na organizaci\u00f3n da I Concentraci\u00f3n Motera que ter\u00e1 lugar os d\u00edas 21 e 22 de xu\u00f1o na Praza do Concello e noutras localizaci\u00f3ns do municipio.<\/span><\/p>\n<p><span style=\"font-weight: 400;\">Este evento prev\u00e9 reunir a numerosos afeccionados ao mundo das d\u00faas rodas chegados de toda Galicia e doutras comunidades, cun amplo programa de actividades para todos os p\u00fablicos: exhibici\u00f3ns de pilotaxe, simuladores de MotoGP, sesi\u00f3ns verm\u00fa con m\u00fasica en directo e DJ, ceas populares, rutas tur\u00edsticas en moto, sorteos con premios e moito m\u00e1is.<\/span><\/p>\n<p><span style=\"font-weight: 400;\">Entre os momentos m\u00e1is destacados da fin de semana est\u00e1 a exhibici\u00f3n acrob\u00e1tica do piloto profesional Emilio Zamora.<\/span><\/p>\n<p><span style=\"font-weight: 400;\">O encontro tam\u00e9n contar\u00e1 cunha zona de acampada interior e exterior, servizo de taxi, food trucks, churrer\u00eda, postos de merchandising e a participaci\u00f3n do artista Iossu Black, reco\u00f1ecido especialista en aerograf\u00eda e tatuaxe.<\/span><span style=\"font-weight: 400;\"><br \/>\n<\/span><span style=\"font-weight: 400;\"><br \/>\n<\/span><span style=\"font-weight: 400;\">As persoas interesadas poden inscribirse ata o 15 de xu\u00f1o, contactando co n\u00famero 647 606 774 (Noelia) ou escribindo ao correo motoclubeacadeira@gmail.com. Para formalizar a inscrici\u00f3n ser\u00e1 necesario indicar o nome completo, DNI e enviar o xustificante de pago \u00e1 conta bancaria facilitada pola organizaci\u00f3n.<\/span><\/p>\n<p><span style=\"font-weight: 400;\">O alcalde de Trabada, Rub\u00e9n Garc\u00eda, sinala que \u201cqueremos apoiar con forza ao noso tecido asociativo, como \u00e9 o caso do novo Motoclube A Cadeira. Eventos coma este contrib\u00faen a dinamizar o noso concello, atraer visitantes e reforzar a identidade cultural e social de Trabada. Queremos que esta concentraci\u00f3n sexa a primeira de moitas, e que se consolide como unha cita fixa para os amantes do motor\u201d.<\/span><\/p>\n<p><span style=\"font-weight: 400;\">Desde o Concello de Trabada felic\u00edtase ao Motoclube A Cadeira polo seu traballo e compromiso coa organizaci\u00f3n dun evento desta magnitude, e conv\u00eddase a toda a veci\u00f1anza e persoas visitantes a participar nesta fin de semana \u00fanica onde motor, m\u00fasica e gastronom\u00eda ser\u00e1n os grandes protagonistas.<\/span><\/p>\n<p><img fetchpriority=\"high\" decoding=\"async\" class=\"alignnone wp-image-6821 size-full\" src=\"https:\/\/trabada.gal\/wp-content\/uploads\/2025\/06\/Cartel-I-Concentracion-Motera-Trabada.jpg\" alt=\"\" width=\"1074\" height=\"1600\" srcset=\"https:\/\/trabada.gal\/wp-content\/uploads\/2025\/06\/Cartel-I-Concentracion-Motera-Trabada.jpg 1074w, https:\/\/trabada.gal\/wp-content\/uploads\/2025\/06\/Cartel-I-Concentracion-Motera-Trabada-201x300.jpg 201w, https:\/\/trabada.gal\/wp-content\/uploads\/2025\/06\/Cartel-I-Concentracion-Motera-Trabada-687x1024.jpg 687w, https:\/\/trabada.gal\/wp-content\/uploads\/2025\/06\/Cartel-I-Concentracion-Motera-Trabada-768x1144.jpg 768w, https:\/\/trabada.gal\/wp-content\/uploads\/2025\/06\/Cartel-I-Concentracion-Motera-Trabada-1031x1536.jpg 1031w, https:\/\/trabada.gal\/wp-content\/uploads\/2025\/06\/Cartel-I-Concentracion-Motera-Trabada-8x12.jpg 8w, https:\/\/trabada.gal\/wp-content\/uploads\/2025\/06\/Cartel-I-Concentracion-Motera-Trabada-403x600.jpg 403w, https:\/\/trabada.gal\/wp-content\/uploads\/2025\/06\/Cartel-I-Concentracion-Motera-Trabada-376x560.jpg 376w\" sizes=\"(max-width: 1074px) 100vw, 1074px\" \/><\/p>","protected":false},"excerpt":{"rendered":"<p>O Concello de Trabada colabora co rec\u00e9n creado Motoclube A Cadeira na organizaci\u00f3n da I Concentraci\u00f3n Motera que ter\u00e1 lugar os d\u00edas 21 e 22 de xu\u00f1o na Praza do Concello e noutras localizaci\u00f3ns do municipio. Este evento prev\u00e9 reunir a numerosos afeccionados ao mundo das d\u00faas rodas chegados de toda Galicia e doutras comunidades, [&hellip;]<\/p>\n","protected":false},"author":1,"featured_media":6820,"comment_status":"closed","ping_status":"closed","sticky":false,"template":"","format":"standard","meta":{"footnotes":""},"categories":[90],"tags":[],"class_list":["post-6819","post","type-post","status-publish","format-standard","has-post-thumbnail","hentry","category-noticias"],"_links":{"self":[{"href":"https:\/\/trabada.gal\/gl\/wp-json\/wp\/v2\/posts\/6819","targetHints":{"allow":["GET"]}}],"collection":[{"href":"https:\/\/trabada.gal\/gl\/wp-json\/wp\/v2\/posts"}],"about":[{"href":"https:\/\/trabada.gal\/gl\/wp-json\/wp\/v2\/types\/post"}],"author":[{"embeddable":true,"href":"https:\/\/trabada.gal\/gl\/wp-json\/wp\/v2\/users\/1"}],"replies":[{"embeddable":true,"href":"https:\/\/trabada.gal\/gl\/wp-json\/wp\/v2\/comments?post=6819"}],"version-history":[{"count":0,"href":"https:\/\/trabada.gal\/gl\/wp-json\/wp\/v2\/posts\/6819\/revisions"}],"wp:featuredmedia":[{"embeddable":true,"href":"https:\/\/trabada.gal\/gl\/wp-json\/wp\/v2\/media\/6820"}],"wp:attachment":[{"href":"https:\/\/trabada.gal\/gl\/wp-json\/wp\/v2\/media?parent=6819"}],"wp:term":[{"taxonomy":"category","embeddable":true,"href":"https:\/\/trabada.gal\/gl\/wp-json\/wp\/v2\/categories?post=6819"},{"taxonomy":"post_tag","embeddable":true,"href":"https:\/\/trabada.gal\/gl\/wp-json\/wp\/v2\/tags?post=6819"}],"curies":[{"name":"wp","href":"https:\/\/api.w.org\/{rel}","templated":true}]}}