{"id":6824,"date":"2025-06-12T11:53:52","date_gmt":"2025-06-12T09:53:52","guid":{"rendered":"https:\/\/trabada.gal\/?p=6824"},"modified":"2025-06-12T11:53:52","modified_gmt":"2025-06-12T09:53:52","slug":"o-concello-de-trabada-renovara-o-alumeado-publico-en-cinco-nucleos-con-apoio-dunha-nova-axuda","status":"publish","type":"post","link":"https:\/\/trabada.gal\/gl\/2025\/06\/12\/o-concello-de-trabada-renovara-o-alumeado-publico-en-cinco-nucleos-con-apoio-dunha-nova-axuda\/","title":{"rendered":"O Concello de Trabada renovar\u00e1 o alumeado p\u00fablico en cinco n\u00facleos con apoio dunha nova axuda"},"content":{"rendered":"<p><span style=\"font-weight: 400;\">O Concello de Trabada contin\u00faa coa s\u00faa aposta pola eficiencia enerx\u00e9tica e a mellora das infraestruturas locais grazas \u00e1 consecuci\u00f3n dunha nova axuda p\u00fablica de 32.000 euros, que permitir\u00e1 acometer a renovaci\u00f3n do alumeado p\u00fablico nos n\u00facleos de O Vilar, Trabada, Vidal, Vilarbetote e Vilafernando.<\/span><\/p>\n<p><span style=\"font-weight: 400;\">O proxecto conta cun orzamento total de 51.608,25 euros, dos cales 32.000 euros foron achegados a trav\u00e9s da axuda conseguida, e os 19.608,25 euros restantes ser\u00e1n asumidos con fondos propios do Concello.\u00a0<\/span><\/p>\n<p><span style=\"font-weight: 400;\">O alcalde de Trabada, Rub\u00e9n Garc\u00eda, sinalou que \u201cseguimos traballando por un concello m\u00e1is sostible e eficiente. A renovaci\u00f3n do alumeado \u00e9 unha medida que beneficia tanto ao medio ambiente como \u00e1 econom\u00eda municipal, e ademais mellora a calidade dos servizos b\u00e1sicos nas parroquias\u201d.<\/span><\/p>\n<p><span style=\"font-weight: 400;\">Con este tipo de actuaci\u00f3ns, o Concello de Trabada reafirma o seu compromiso coa transici\u00f3n enerx\u00e9tica, o aforro de recursos p\u00fablicos e o benestar da veci\u00f1anza, especialmente nas zonas rurais.<\/span><\/p>","protected":false},"excerpt":{"rendered":"<p>O Concello de Trabada contin\u00faa coa s\u00faa aposta pola eficiencia enerx\u00e9tica e a mellora das infraestruturas locais grazas \u00e1 consecuci\u00f3n dunha nova axuda p\u00fablica de 32.000 euros, que permitir\u00e1 acometer a renovaci\u00f3n do alumeado p\u00fablico nos n\u00facleos de O Vilar, Trabada, Vidal, Vilarbetote e Vilafernando. O proxecto conta cun orzamento total de 51.608,25 euros, dos [&hellip;]<\/p>\n","protected":false},"author":1,"featured_media":6825,"comment_status":"closed","ping_status":"closed","sticky":false,"template":"","format":"standard","meta":{"footnotes":""},"categories":[90],"tags":[],"class_list":["post-6824","post","type-post","status-publish","format-standard","has-post-thumbnail","hentry","category-noticias"],"_links":{"self":[{"href":"https:\/\/trabada.gal\/gl\/wp-json\/wp\/v2\/posts\/6824","targetHints":{"allow":["GET"]}}],"collection":[{"href":"https:\/\/trabada.gal\/gl\/wp-json\/wp\/v2\/posts"}],"about":[{"href":"https:\/\/trabada.gal\/gl\/wp-json\/wp\/v2\/types\/post"}],"author":[{"embeddable":true,"href":"https:\/\/trabada.gal\/gl\/wp-json\/wp\/v2\/users\/1"}],"replies":[{"embeddable":true,"href":"https:\/\/trabada.gal\/gl\/wp-json\/wp\/v2\/comments?post=6824"}],"version-history":[{"count":0,"href":"https:\/\/trabada.gal\/gl\/wp-json\/wp\/v2\/posts\/6824\/revisions"}],"wp:featuredmedia":[{"embeddable":true,"href":"https:\/\/trabada.gal\/gl\/wp-json\/wp\/v2\/media\/6825"}],"wp:attachment":[{"href":"https:\/\/trabada.gal\/gl\/wp-json\/wp\/v2\/media?parent=6824"}],"wp:term":[{"taxonomy":"category","embeddable":true,"href":"https:\/\/trabada.gal\/gl\/wp-json\/wp\/v2\/categories?post=6824"},{"taxonomy":"post_tag","embeddable":true,"href":"https:\/\/trabada.gal\/gl\/wp-json\/wp\/v2\/tags?post=6824"}],"curies":[{"name":"wp","href":"https:\/\/api.w.org\/{rel}","templated":true}]}}