{"id":6828,"date":"2025-06-17T11:20:20","date_gmt":"2025-06-17T09:20:20","guid":{"rendered":"https:\/\/trabada.gal\/?p=6828"},"modified":"2025-06-17T11:20:20","modified_gmt":"2025-06-17T09:20:20","slug":"o-concello-de-trabada-abre-o-proximo-luns-o-prazo-para-solicitar-unha-nova-vivenda-social-en-vilapercide","status":"publish","type":"post","link":"https:\/\/trabada.gal\/gl\/2025\/06\/17\/o-concello-de-trabada-abre-o-proximo-luns-o-prazo-para-solicitar-unha-nova-vivenda-social-en-vilapercide\/","title":{"rendered":"O Concello de Trabada abre o pr\u00f3ximo luns o prazo para solicitar unha nova vivenda social en Vilapercide"},"content":{"rendered":"<p><span style=\"font-weight: 400;\">O vindeiro luns d\u00eda 23 de xu\u00f1o abrirase o prazo de presentaci\u00f3n de solicitudes para optar \u00e1 vivenda situada na antiga escola de Vilapercide, que se ofrece en r\u00e9xime de alugueiro social. As persoas interesadas dispo\u00f1er\u00e1n dun mes para presentar as s\u00faas solicitudes.<\/span><\/p>\n<p><span style=\"font-weight: 400;\">Esta nova vivenda s\u00famase \u00e1s xa adxudicadas durante este ano nas antigas escolas de Vidal e Trabadela, consolidando as\u00ed o modelo de recuperaci\u00f3n de inmobles p\u00fablicos para fins sociais impulsado polo Concello de Trabada.<\/span><\/p>\n<p><span style=\"font-weight: 400;\">Ademais, nas vindeiras semanas dar\u00e1 comezo a reforma interior da vivenda da antiga escola de Valboa, que tam\u00e9n ser\u00e1 destinada a alugueiro social unha vez rematadas as obras.<\/span><\/p>\n<p><span style=\"font-weight: 400;\">Desde o Concello de Trabada, o alcalde Rub\u00e9n Garc\u00eda destaca que \u201capostamos por darlle un uso social \u00e1s antigas escolas das nosas parroquias, espazos que tiveron unha funci\u00f3n esencial no pasado e que agora poden volver ser \u00fatiles para o presente e o futuro do noso municipio\u201d.<\/span><\/p>\n<p><span style=\"font-weight: 400;\">Esta iniciativa forma parte dunha estratexia municipal para facilitar o acceso \u00e1 vivenda a prezos asequibles, contribu\u00edndo \u00e1 fixaci\u00f3n de poboaci\u00f3n no territorio.<\/span><\/p>","protected":false},"excerpt":{"rendered":"<p>O vindeiro luns d\u00eda 23 de xu\u00f1o abrirase o prazo de presentaci\u00f3n de solicitudes para optar \u00e1 vivenda situada na antiga escola de Vilapercide, que se ofrece en r\u00e9xime de alugueiro social. As persoas interesadas dispo\u00f1er\u00e1n dun mes para presentar as s\u00faas solicitudes. Esta nova vivenda s\u00famase \u00e1s xa adxudicadas durante este ano nas antigas [&hellip;]<\/p>\n","protected":false},"author":1,"featured_media":6829,"comment_status":"closed","ping_status":"closed","sticky":false,"template":"","format":"standard","meta":{"footnotes":""},"categories":[90],"tags":[],"class_list":["post-6828","post","type-post","status-publish","format-standard","has-post-thumbnail","hentry","category-noticias"],"_links":{"self":[{"href":"https:\/\/trabada.gal\/gl\/wp-json\/wp\/v2\/posts\/6828","targetHints":{"allow":["GET"]}}],"collection":[{"href":"https:\/\/trabada.gal\/gl\/wp-json\/wp\/v2\/posts"}],"about":[{"href":"https:\/\/trabada.gal\/gl\/wp-json\/wp\/v2\/types\/post"}],"author":[{"embeddable":true,"href":"https:\/\/trabada.gal\/gl\/wp-json\/wp\/v2\/users\/1"}],"replies":[{"embeddable":true,"href":"https:\/\/trabada.gal\/gl\/wp-json\/wp\/v2\/comments?post=6828"}],"version-history":[{"count":0,"href":"https:\/\/trabada.gal\/gl\/wp-json\/wp\/v2\/posts\/6828\/revisions"}],"wp:featuredmedia":[{"embeddable":true,"href":"https:\/\/trabada.gal\/gl\/wp-json\/wp\/v2\/media\/6829"}],"wp:attachment":[{"href":"https:\/\/trabada.gal\/gl\/wp-json\/wp\/v2\/media?parent=6828"}],"wp:term":[{"taxonomy":"category","embeddable":true,"href":"https:\/\/trabada.gal\/gl\/wp-json\/wp\/v2\/categories?post=6828"},{"taxonomy":"post_tag","embeddable":true,"href":"https:\/\/trabada.gal\/gl\/wp-json\/wp\/v2\/tags?post=6828"}],"curies":[{"name":"wp","href":"https:\/\/api.w.org\/{rel}","templated":true}]}}