{"id":6831,"date":"2025-06-23T12:44:16","date_gmt":"2025-06-23T10:44:16","guid":{"rendered":"https:\/\/trabada.gal\/?p=6831"},"modified":"2025-06-25T12:51:43","modified_gmt":"2025-06-25T10:51:43","slug":"o-concello-de-trabada-pon-en-marcha-o-campamento-de-veran-con-43-participantes","status":"publish","type":"post","link":"https:\/\/trabada.gal\/gl\/2025\/06\/23\/o-concello-de-trabada-pon-en-marcha-o-campamento-de-veran-con-43-participantes\/","title":{"rendered":"O Concello de Trabada pon en marcha o campamento de ver\u00e1n con 43 participantes"},"content":{"rendered":"<p><span style=\"font-weight: 400;\">O Concello de Trabada deu comezo hoxe ao seu campamento de ver\u00e1n, dirixido a nenos e nenas nados entre o 1 de xaneiro de 2013 e o 31 de decembro de 2021. Esta iniciativa desenvolverase dende o 23 de xu\u00f1o ata o 5 de setembro, en horario de 10:00 a 14:00 horas de luns a venres.<\/span><span style=\"font-weight: 400;\"><br \/>\n<\/span><span style=\"font-weight: 400;\"><br \/>\n<\/span><span style=\"font-weight: 400;\">Nesta nova edici\u00f3n participar\u00e1n 43 nenos e nenas, que poder\u00e1n gozar dunha ampla variedade de actividades l\u00fadicas, educativas e deportivas, adaptadas \u00e1s diferentes idades.<\/span><\/p>\n<p><span style=\"font-weight: 400;\">O alcalde de Trabada, Rub\u00e9n Garc\u00eda, destacou que \u201ccontinuamos ofrecendo programas que axuden \u00e1 conciliaci\u00f3n das familias do noso concello. Sabemos que hoxe en d\u00eda \u00e9 fundamental facilitar a organizaci\u00f3n da vida familiar e laboral, polo que dende o Concello facemos un esforzo importante para prestar estes servizos durante o ver\u00e1n\u201d.<\/span><span style=\"font-weight: 400;\"><br \/>\n<\/span><span style=\"font-weight: 400;\"><br \/>\n<\/span><span style=\"font-weight: 400;\">Este campamento forma parte do compromiso do Concello de Trabada coa conciliaci\u00f3n e o apoio \u00e1s familias.<\/span><\/p>","protected":false},"excerpt":{"rendered":"<p>O Concello de Trabada deu comezo hoxe ao seu campamento de ver\u00e1n, dirixido a nenos e nenas nados entre o 1 de xaneiro de 2013 e o 31 de decembro de 2021. Esta iniciativa desenvolverase dende o 23 de xu\u00f1o ata o 5 de setembro, en horario de 10:00 a 14:00 horas de luns a [&hellip;]<\/p>\n","protected":false},"author":1,"featured_media":6832,"comment_status":"closed","ping_status":"closed","sticky":false,"template":"","format":"standard","meta":{"footnotes":""},"categories":[90],"tags":[],"class_list":["post-6831","post","type-post","status-publish","format-standard","has-post-thumbnail","hentry","category-noticias"],"_links":{"self":[{"href":"https:\/\/trabada.gal\/gl\/wp-json\/wp\/v2\/posts\/6831","targetHints":{"allow":["GET"]}}],"collection":[{"href":"https:\/\/trabada.gal\/gl\/wp-json\/wp\/v2\/posts"}],"about":[{"href":"https:\/\/trabada.gal\/gl\/wp-json\/wp\/v2\/types\/post"}],"author":[{"embeddable":true,"href":"https:\/\/trabada.gal\/gl\/wp-json\/wp\/v2\/users\/1"}],"replies":[{"embeddable":true,"href":"https:\/\/trabada.gal\/gl\/wp-json\/wp\/v2\/comments?post=6831"}],"version-history":[{"count":0,"href":"https:\/\/trabada.gal\/gl\/wp-json\/wp\/v2\/posts\/6831\/revisions"}],"wp:featuredmedia":[{"embeddable":true,"href":"https:\/\/trabada.gal\/gl\/wp-json\/wp\/v2\/media\/6832"}],"wp:attachment":[{"href":"https:\/\/trabada.gal\/gl\/wp-json\/wp\/v2\/media?parent=6831"}],"wp:term":[{"taxonomy":"category","embeddable":true,"href":"https:\/\/trabada.gal\/gl\/wp-json\/wp\/v2\/categories?post=6831"},{"taxonomy":"post_tag","embeddable":true,"href":"https:\/\/trabada.gal\/gl\/wp-json\/wp\/v2\/tags?post=6831"}],"curies":[{"name":"wp","href":"https:\/\/api.w.org\/{rel}","templated":true}]}}