{"id":6849,"date":"2025-07-02T13:02:44","date_gmt":"2025-07-02T11:02:44","guid":{"rendered":"https:\/\/trabada.gal\/?p=6849"},"modified":"2025-07-02T13:02:44","modified_gmt":"2025-07-02T11:02:44","slug":"asinado-o-convenio-de-colaboracion-para-mellorar-o-abastecemento-de-auga-entre-trabada-ribadeo-e-xunta-de-galicia","status":"publish","type":"post","link":"https:\/\/trabada.gal\/gl\/2025\/07\/02\/asinado-o-convenio-de-colaboracion-para-mellorar-o-abastecemento-de-auga-entre-trabada-ribadeo-e-xunta-de-galicia\/","title":{"rendered":"Asinado o convenio de colaboraci\u00f3n para mellorar o abastecemento de auga entre Trabada, Ribadeo e Xunta de Galicia"},"content":{"rendered":"<p><span style=\"font-weight: 400;\">Este m\u00e9rcores tivo lugar a sinatura do convenio de colaboraci\u00f3n para a mellora do abastecemento de auga entre os Concellos de Trabada e Ribadeo e a Conseller\u00eda de Medio Ambiente da Xunta de Galicia, a trav\u00e9s de Augas de Galicia. A conselleira \u00c1ngeles V\u00e1zquez participou no acto en Ribadeo, formalizando as\u00ed un acordo que contempla unha inversi\u00f3n global de 8,5 mill\u00f3ns de euros.\u00a0<\/span><\/p>\n<p><span style=\"font-weight: 400;\">Este proxecto d\u00e1 continuidade \u00e1 xuntanza mantida en xaneiro no marco da Mesa da Auga, na que se acordou acometer a renovaci\u00f3n da tubaxe que conecta Vilarbetote con Ribadeo, garantindo as\u00ed un abastecemento\u00a0 m\u00e1is eficiente, seguro e sostible.<\/span><\/p>\n<p><span style=\"font-weight: 400;\">O alcalde de Trabada, Rub\u00e9n Garc\u00eda, destacou que \u201ca sinatura deste convenio \u00e9 un paso adiante froito da boa colaboraci\u00f3n institucional. En especial queremos po\u00f1er en valor o entendemento e coordinaci\u00f3n entre o Concello de Trabada e o Concello de Ribadeo, que permitiu avanzar nun proxecto necesario para garantir un servizo b\u00e1sico e esencial como \u00e9 o da auga potable\u201d.<\/span><\/p>\n<p><span style=\"font-weight: 400;\">A actuaci\u00f3n prevista sup\u00f3n unha mellora significativa da rede de abastecemento, contribu\u00edndo a modernizar infraestruturas e previr incidencias nunha zona de interese compartido entre ambos municipios. A cooperaci\u00f3n entre administraci\u00f3ns permitir\u00e1 dar resposta a unha demanda da veci\u00f1anza e reforzar a calidade dos servizos p\u00fablicos no rural.<\/span><span style=\"font-weight: 400;\"><br \/>\n<\/span><\/p>","protected":false},"excerpt":{"rendered":"<p>Este m\u00e9rcores tivo lugar a sinatura do convenio de colaboraci\u00f3n para a mellora do abastecemento de auga entre os Concellos de Trabada e Ribadeo e a Conseller\u00eda de Medio Ambiente da Xunta de Galicia, a trav\u00e9s de Augas de Galicia. A conselleira \u00c1ngeles V\u00e1zquez participou no acto en Ribadeo, formalizando as\u00ed un acordo que contempla [&hellip;]<\/p>\n","protected":false},"author":1,"featured_media":6850,"comment_status":"closed","ping_status":"closed","sticky":false,"template":"","format":"standard","meta":{"footnotes":""},"categories":[90],"tags":[],"class_list":["post-6849","post","type-post","status-publish","format-standard","has-post-thumbnail","hentry","category-noticias"],"_links":{"self":[{"href":"https:\/\/trabada.gal\/gl\/wp-json\/wp\/v2\/posts\/6849","targetHints":{"allow":["GET"]}}],"collection":[{"href":"https:\/\/trabada.gal\/gl\/wp-json\/wp\/v2\/posts"}],"about":[{"href":"https:\/\/trabada.gal\/gl\/wp-json\/wp\/v2\/types\/post"}],"author":[{"embeddable":true,"href":"https:\/\/trabada.gal\/gl\/wp-json\/wp\/v2\/users\/1"}],"replies":[{"embeddable":true,"href":"https:\/\/trabada.gal\/gl\/wp-json\/wp\/v2\/comments?post=6849"}],"version-history":[{"count":0,"href":"https:\/\/trabada.gal\/gl\/wp-json\/wp\/v2\/posts\/6849\/revisions"}],"wp:featuredmedia":[{"embeddable":true,"href":"https:\/\/trabada.gal\/gl\/wp-json\/wp\/v2\/media\/6850"}],"wp:attachment":[{"href":"https:\/\/trabada.gal\/gl\/wp-json\/wp\/v2\/media?parent=6849"}],"wp:term":[{"taxonomy":"category","embeddable":true,"href":"https:\/\/trabada.gal\/gl\/wp-json\/wp\/v2\/categories?post=6849"},{"taxonomy":"post_tag","embeddable":true,"href":"https:\/\/trabada.gal\/gl\/wp-json\/wp\/v2\/tags?post=6849"}],"curies":[{"name":"wp","href":"https:\/\/api.w.org\/{rel}","templated":true}]}}