{"id":6853,"date":"2025-07-04T14:49:17","date_gmt":"2025-07-04T12:49:17","guid":{"rendered":"https:\/\/trabada.gal\/?p=6853"},"modified":"2025-07-04T14:49:17","modified_gmt":"2025-07-04T12:49:17","slug":"o-concello-de-trabada-impulsa-un-campamento-xuvenil-sen-tecnoloxia-e-con-saidas-semanais","status":"publish","type":"post","link":"https:\/\/trabada.gal\/gl\/2025\/07\/04\/o-concello-de-trabada-impulsa-un-campamento-xuvenil-sen-tecnoloxia-e-con-saidas-semanais\/","title":{"rendered":"O Concello de Trabada impulsa un campamento xuvenil sen tecnolox\u00eda e con sa\u00eddas semanais"},"content":{"rendered":"<p><span style=\"font-weight: 400;\">O pasado 1 de xullo deu comezo o primeiro campamento xuvenil do Concello de Trabada, unha nova iniciativa municipal enmarcada nos programas de conciliaci\u00f3n familiar e pensada para ofrecer alternativas de ocio saudable durante os meses de ver\u00e1n.<\/span><\/p>\n<p><span style=\"font-weight: 400;\">O campamento desenv\u00f3lvese de luns a venres en horario de 10:00 a 14:00 horas, e est\u00e1 centrado na actividade f\u00edsica e a convivencia sen o uso de dispositivos electr\u00f3nicos, como m\u00f3biles ou tabletas. O obxectivo \u00e9 fomentar a interacci\u00f3n directa, o deporte, a creatividade e o respecto ao entorno, afastando \u00e1 mocidade das pantallas durante a xornada.<\/span><\/p>\n<p><span style=\"font-weight: 400;\">Como parte da programaci\u00f3n, o campamento incluir\u00e1 tam\u00e9n unha sa\u00edda semanal f\u00f3ra das instalaci\u00f3ns, que permitir\u00e1 aos participantes gozar de experiencias diferentes en contornas variadas. A primeira tivo lugar esta semana e inclu\u00edu unha carreira de karts e un paseo a cabalo, d\u00faas actividades que combinaron lecer, deporte e aprendizaxe.<\/span><\/p>\n<p><span style=\"font-weight: 400;\">O alcalde de Trabada, Rub\u00e9n Garc\u00eda, destacou que \u201ceste \u00e9 un novo paso dentro do noso compromiso coa conciliaci\u00f3n das familias e coa creaci\u00f3n de espazos para que a mocidade desfrute do ver\u00e1n de maneira activa, segura e saudable. \u00c9 a primeira vez que organizamos un campamento xuvenil durante xullo e agosto, e a acollida est\u00e1 sendo moi positiva\u201d.<\/span><\/p>\n<p><span style=\"font-weight: 400;\">Desde o Concello de Trabada sinalan que se seguir\u00e1 traballando para ampliar a oferta de programas de ver\u00e1n, con iniciativas que favorezan a participaci\u00f3n da infancia e da mocidade, promovendo valores e fortalecendo o tecido social no municipio.<\/p>\n<p><img fetchpriority=\"high\" decoding=\"async\" class=\"alignnone wp-image-6855 size-large\" src=\"https:\/\/trabada.gal\/wp-content\/uploads\/2025\/07\/152-819x1024.jpg\" alt=\"O Concello de Trabada impulsa un campamento xuvenil sen tecnolox\u00eda e con sa\u00eddas semanais 2\" width=\"819\" height=\"1024\" srcset=\"https:\/\/trabada.gal\/wp-content\/uploads\/2025\/07\/152-819x1024.jpg 819w, https:\/\/trabada.gal\/wp-content\/uploads\/2025\/07\/152-240x300.jpg 240w, https:\/\/trabada.gal\/wp-content\/uploads\/2025\/07\/152-768x960.jpg 768w, https:\/\/trabada.gal\/wp-content\/uploads\/2025\/07\/152-10x12.jpg 10w, https:\/\/trabada.gal\/wp-content\/uploads\/2025\/07\/152-480x600.jpg 480w, https:\/\/trabada.gal\/wp-content\/uploads\/2025\/07\/152-448x560.jpg 448w, https:\/\/trabada.gal\/wp-content\/uploads\/2025\/07\/152.jpg 1080w\" sizes=\"(max-width: 819px) 100vw, 819px\" \/><\/span><\/p>","protected":false},"excerpt":{"rendered":"<p>O pasado 1 de xullo deu comezo o primeiro campamento xuvenil do Concello de Trabada, unha nova iniciativa municipal enmarcada nos programas de conciliaci\u00f3n familiar e pensada para ofrecer alternativas de ocio saudable durante os meses de ver\u00e1n. O campamento desenv\u00f3lvese de luns a venres en horario de 10:00 a 14:00 horas, e est\u00e1 centrado [&hellip;]<\/p>\n","protected":false},"author":1,"featured_media":6854,"comment_status":"closed","ping_status":"closed","sticky":false,"template":"","format":"standard","meta":{"footnotes":""},"categories":[90],"tags":[],"class_list":["post-6853","post","type-post","status-publish","format-standard","has-post-thumbnail","hentry","category-noticias"],"_links":{"self":[{"href":"https:\/\/trabada.gal\/gl\/wp-json\/wp\/v2\/posts\/6853","targetHints":{"allow":["GET"]}}],"collection":[{"href":"https:\/\/trabada.gal\/gl\/wp-json\/wp\/v2\/posts"}],"about":[{"href":"https:\/\/trabada.gal\/gl\/wp-json\/wp\/v2\/types\/post"}],"author":[{"embeddable":true,"href":"https:\/\/trabada.gal\/gl\/wp-json\/wp\/v2\/users\/1"}],"replies":[{"embeddable":true,"href":"https:\/\/trabada.gal\/gl\/wp-json\/wp\/v2\/comments?post=6853"}],"version-history":[{"count":0,"href":"https:\/\/trabada.gal\/gl\/wp-json\/wp\/v2\/posts\/6853\/revisions"}],"wp:featuredmedia":[{"embeddable":true,"href":"https:\/\/trabada.gal\/gl\/wp-json\/wp\/v2\/media\/6854"}],"wp:attachment":[{"href":"https:\/\/trabada.gal\/gl\/wp-json\/wp\/v2\/media?parent=6853"}],"wp:term":[{"taxonomy":"category","embeddable":true,"href":"https:\/\/trabada.gal\/gl\/wp-json\/wp\/v2\/categories?post=6853"},{"taxonomy":"post_tag","embeddable":true,"href":"https:\/\/trabada.gal\/gl\/wp-json\/wp\/v2\/tags?post=6853"}],"curies":[{"name":"wp","href":"https:\/\/api.w.org\/{rel}","templated":true}]}}