{"id":6884,"date":"2025-07-31T14:00:18","date_gmt":"2025-07-31T12:00:18","guid":{"rendered":"https:\/\/trabada.gal\/?p=6884"},"modified":"2025-07-31T14:00:18","modified_gmt":"2025-07-31T12:00:18","slug":"trabadela-e-vilapena-celebran-este-fin-de-semana-festas-con-churrascadas-musica-e-verbena","status":"publish","type":"post","link":"https:\/\/trabada.gal\/gl\/2025\/07\/31\/trabadela-e-vilapena-celebran-este-fin-de-semana-festas-con-churrascadas-musica-e-verbena\/","title":{"rendered":"Trabadela e Vilapena celebran este fin de semana festas con churrascadas, m\u00fasica e verbena"},"content":{"rendered":"<p><span style=\"font-weight: 400;\">O Concello de Trabada contin\u00faa apoiando a organizaci\u00f3n de eventos que dinamizan o municipio e contrib\u00faen a manter viva a tradici\u00f3n nas diferentes parroquias. Esta fin de semana, os lugares de Trabadela (na parroquia de Sante) e Vilapena ser\u00e1n escenario de celebraci\u00f3ns con gastronom\u00eda, m\u00fasica e actividades para todos os p\u00fablicos.<\/span><\/p>\n<p><span style=\"font-weight: 400;\">En Trabadela, o venres 1 de agosto \u00e1s 21:00 horas ter\u00e1 lugar unha gran churrascada popular servida por Catering Sarredo, con empanada, xam\u00f3n cocido, churrasco de porco, criollo, patacas, bebida, postre e caf\u00e9. O prezo \u00e9 de 27 \u20ac para adultos e 15 \u20ac para nenos\/as de 3 a 10 anos. A partir das 23:00 horas, a festa continuar\u00e1 cunha verbena con discoteca m\u00f3bil a cargo de SP The Sound Project.<\/span><span style=\"font-weight: 400;\"><br \/>\n<\/span><span style=\"font-weight: 400;\"><br \/>\n<\/span><span style=\"font-weight: 400;\">En Vilapena, tam\u00e9n o venres 1 de agosto \u00e1s 21:30 horas\u00a0 comezar\u00e1n as na honra a Santiago Ap\u00f3stolo cunha churrascada e verbena co grupo Los Adrianos. O s\u00e1bado 2 de agosto celebrarase misa solemne, procesi\u00f3n e sesi\u00f3n verm\u00fa coa orquestra Florida Band, que tam\u00e9n ser\u00e1 a encargada da verbena pola noite. O domingo 3 de agosto a festa rematar\u00e1 cunha nova misa solemne, procesi\u00f3n e sesi\u00f3n verm\u00fa amenizada polo Grupo Folixa.<\/span><\/p>\n<p><span style=\"font-weight: 400;\">O alcalde de Trabada, Rub\u00e9n Garc\u00eda, sinalou que \u201cdesde o Concello seguimos colaborando con todas as comisi\u00f3ns de festas, asociaci\u00f3ns e clubs que organizan actividades culturais e de lecer nas parroquias. Son eventos que fortalecen a identidade local, promoven o encontro entre veci\u00f1os e veci\u00f1as, e atraen visitantes ao noso territorio\u201d.<\/span><\/p>\n<p><span style=\"font-weight: 400;\">Desde o Concello de Trabada an\u00edmase \u00e1 veci\u00f1anza e visitantes a participar das celebraci\u00f3ns e gozar dun fin de semana festivo en comunidade.<\/span><\/p>\n<p><img fetchpriority=\"high\" decoding=\"async\" class=\"alignnone wp-image-6886 size-large\" src=\"https:\/\/trabada.gal\/wp-content\/uploads\/2025\/07\/NUEVOS-POSTS-CONCELLO-DE-TRABADA-1080-x-1350-px-1-819x1024.jpg\" alt=\"\" width=\"819\" height=\"1024\" srcset=\"https:\/\/trabada.gal\/wp-content\/uploads\/2025\/07\/NUEVOS-POSTS-CONCELLO-DE-TRABADA-1080-x-1350-px-1-819x1024.jpg 819w, https:\/\/trabada.gal\/wp-content\/uploads\/2025\/07\/NUEVOS-POSTS-CONCELLO-DE-TRABADA-1080-x-1350-px-1-240x300.jpg 240w, https:\/\/trabada.gal\/wp-content\/uploads\/2025\/07\/NUEVOS-POSTS-CONCELLO-DE-TRABADA-1080-x-1350-px-1-768x960.jpg 768w, https:\/\/trabada.gal\/wp-content\/uploads\/2025\/07\/NUEVOS-POSTS-CONCELLO-DE-TRABADA-1080-x-1350-px-1-10x12.jpg 10w, https:\/\/trabada.gal\/wp-content\/uploads\/2025\/07\/NUEVOS-POSTS-CONCELLO-DE-TRABADA-1080-x-1350-px-1-480x600.jpg 480w, https:\/\/trabada.gal\/wp-content\/uploads\/2025\/07\/NUEVOS-POSTS-CONCELLO-DE-TRABADA-1080-x-1350-px-1-448x560.jpg 448w, https:\/\/trabada.gal\/wp-content\/uploads\/2025\/07\/NUEVOS-POSTS-CONCELLO-DE-TRABADA-1080-x-1350-px-1.jpg 1080w\" sizes=\"(max-width: 819px) 100vw, 819px\" \/><\/p>","protected":false},"excerpt":{"rendered":"<p>O Concello de Trabada contin\u00faa apoiando a organizaci\u00f3n de eventos que dinamizan o municipio e contrib\u00faen a manter viva a tradici\u00f3n nas diferentes parroquias. Esta fin de semana, os lugares de Trabadela (na parroquia de Sante) e Vilapena ser\u00e1n escenario de celebraci\u00f3ns con gastronom\u00eda, m\u00fasica e actividades para todos os p\u00fablicos. En Trabadela, o venres [&hellip;]<\/p>\n","protected":false},"author":1,"featured_media":6885,"comment_status":"closed","ping_status":"closed","sticky":false,"template":"","format":"standard","meta":{"footnotes":""},"categories":[90],"tags":[],"class_list":["post-6884","post","type-post","status-publish","format-standard","has-post-thumbnail","hentry","category-noticias"],"_links":{"self":[{"href":"https:\/\/trabada.gal\/gl\/wp-json\/wp\/v2\/posts\/6884","targetHints":{"allow":["GET"]}}],"collection":[{"href":"https:\/\/trabada.gal\/gl\/wp-json\/wp\/v2\/posts"}],"about":[{"href":"https:\/\/trabada.gal\/gl\/wp-json\/wp\/v2\/types\/post"}],"author":[{"embeddable":true,"href":"https:\/\/trabada.gal\/gl\/wp-json\/wp\/v2\/users\/1"}],"replies":[{"embeddable":true,"href":"https:\/\/trabada.gal\/gl\/wp-json\/wp\/v2\/comments?post=6884"}],"version-history":[{"count":0,"href":"https:\/\/trabada.gal\/gl\/wp-json\/wp\/v2\/posts\/6884\/revisions"}],"wp:featuredmedia":[{"embeddable":true,"href":"https:\/\/trabada.gal\/gl\/wp-json\/wp\/v2\/media\/6885"}],"wp:attachment":[{"href":"https:\/\/trabada.gal\/gl\/wp-json\/wp\/v2\/media?parent=6884"}],"wp:term":[{"taxonomy":"category","embeddable":true,"href":"https:\/\/trabada.gal\/gl\/wp-json\/wp\/v2\/categories?post=6884"},{"taxonomy":"post_tag","embeddable":true,"href":"https:\/\/trabada.gal\/gl\/wp-json\/wp\/v2\/tags?post=6884"}],"curies":[{"name":"wp","href":"https:\/\/api.w.org\/{rel}","templated":true}]}}