{"id":6916,"date":"2025-08-11T11:05:17","date_gmt":"2025-08-11T09:05:17","guid":{"rendered":"https:\/\/trabada.gal\/?p=6916"},"modified":"2025-08-19T11:06:18","modified_gmt":"2025-08-19T09:06:18","slug":"o-museo-etnografico-xose-rocha-celebra-duas-xornadas-de-portas-abertas-durante-as-festas-patronais-de-trabada","status":"publish","type":"post","link":"https:\/\/trabada.gal\/gl\/2025\/08\/11\/o-museo-etnografico-xose-rocha-celebra-duas-xornadas-de-portas-abertas-durante-as-festas-patronais-de-trabada\/","title":{"rendered":"O Museo Etnogr\u00e1fico Xos\u00e9 Rocha celebra d\u00faas xornadas de portas abertas durante as festas patronais de Trabada"},"content":{"rendered":"<p><span style=\"font-weight: 400;\">Coincidindo coas festas patronais, o Concello de Trabada organiza os d\u00edas 15 e 16 de agosto unhas xornadas de portas abertas no Museo Etnogr\u00e1fico Xos\u00e9 Rocha, en horario de 18:30 a 20:30 horas.<\/span><\/p>\n<p><span style=\"font-weight: 400;\">Durante ambas tardes, a veci\u00f1anza e visitantes poder\u00e1n achegarse a este espazo dedicado \u00e1 memoria colectiva e ao patrimonio cultural de Trabada. Ademais, \u00e1s 18:30 horas de cada d\u00eda haber\u00e1 visitas guiadas, nas que se explicar\u00e1 o contido das exposici\u00f3ns e o valor hist\u00f3rico dos obxectos recollidos no museo.<\/span><\/p>\n<p><span style=\"font-weight: 400;\">Estas xornadas supo\u00f1en tam\u00e9n unha homenaxe ao legado e \u00e1 memoria de Xos\u00e9 Rocha, figura clave para a recuperaci\u00f3n e preservaci\u00f3n da historia local a trav\u00e9s do seu traballo como recopilador e divulgador da cultura popular.<\/span><\/p>\n<p><span style=\"font-weight: 400;\">O alcalde de Trabada, Rub\u00e9n Garc\u00eda, sinalou que \u201co Museo Etnogr\u00e1fico Xos\u00e9 Rocha \u00e9 un exemplo do que se pode conseguir cando hai compromiso co noso pasado e coa nosa identidade. Queremos que toda a veci\u00f1anza, e tam\u00e9n quen nos visite nestes d\u00edas, poida co\u00f1ecer e valorar este legado\u201d. Engadiu tam\u00e9n que \u201cseguiremos traballando por manter vivo o patrimonio cultural do municipio e facilitar espazos para a s\u00faa difusi\u00f3n e desfrute\u201d.<\/span><\/p>\n<p><span style=\"font-weight: 400;\">Desde o Concello de Trabada an\u00edmase \u00e1 participaci\u00f3n nesta actividade, que forma parte do compromiso municipal coa posta en valor do patrimonio etnogr\u00e1fico e coa dinamizaci\u00f3n cultural do territorio.<\/span><\/p>","protected":false},"excerpt":{"rendered":"<p>Coincidindo coas festas patronais, o Concello de Trabada organiza os d\u00edas 15 e 16 de agosto unhas xornadas de portas abertas no Museo Etnogr\u00e1fico Xos\u00e9 Rocha, en horario de 18:30 a 20:30 horas. Durante ambas tardes, a veci\u00f1anza e visitantes poder\u00e1n achegarse a este espazo dedicado \u00e1 memoria colectiva e ao patrimonio cultural de Trabada. [&hellip;]<\/p>\n","protected":false},"author":1,"featured_media":6917,"comment_status":"closed","ping_status":"closed","sticky":false,"template":"","format":"standard","meta":{"footnotes":""},"categories":[90],"tags":[],"class_list":["post-6916","post","type-post","status-publish","format-standard","has-post-thumbnail","hentry","category-noticias"],"_links":{"self":[{"href":"https:\/\/trabada.gal\/gl\/wp-json\/wp\/v2\/posts\/6916","targetHints":{"allow":["GET"]}}],"collection":[{"href":"https:\/\/trabada.gal\/gl\/wp-json\/wp\/v2\/posts"}],"about":[{"href":"https:\/\/trabada.gal\/gl\/wp-json\/wp\/v2\/types\/post"}],"author":[{"embeddable":true,"href":"https:\/\/trabada.gal\/gl\/wp-json\/wp\/v2\/users\/1"}],"replies":[{"embeddable":true,"href":"https:\/\/trabada.gal\/gl\/wp-json\/wp\/v2\/comments?post=6916"}],"version-history":[{"count":0,"href":"https:\/\/trabada.gal\/gl\/wp-json\/wp\/v2\/posts\/6916\/revisions"}],"wp:featuredmedia":[{"embeddable":true,"href":"https:\/\/trabada.gal\/gl\/wp-json\/wp\/v2\/media\/6917"}],"wp:attachment":[{"href":"https:\/\/trabada.gal\/gl\/wp-json\/wp\/v2\/media?parent=6916"}],"wp:term":[{"taxonomy":"category","embeddable":true,"href":"https:\/\/trabada.gal\/gl\/wp-json\/wp\/v2\/categories?post=6916"},{"taxonomy":"post_tag","embeddable":true,"href":"https:\/\/trabada.gal\/gl\/wp-json\/wp\/v2\/tags?post=6916"}],"curies":[{"name":"wp","href":"https:\/\/api.w.org\/{rel}","templated":true}]}}