{"id":6919,"date":"2025-08-20T13:36:55","date_gmt":"2025-08-20T11:36:55","guid":{"rendered":"https:\/\/trabada.gal\/?p=6919"},"modified":"2025-08-20T13:36:55","modified_gmt":"2025-08-20T11:36:55","slug":"o-concello-de-trabada-organiza-unha-nova-edicion-do-programa-viaxa-co-concello-cunha-excursion-a-cantabria","status":"publish","type":"post","link":"https:\/\/trabada.gal\/gl\/2025\/08\/20\/o-concello-de-trabada-organiza-unha-nova-edicion-do-programa-viaxa-co-concello-cunha-excursion-a-cantabria\/","title":{"rendered":"O Concello de Trabada organiza unha nova edici\u00f3n do programa \u201cViaxa co Concello\u201d cunha excursi\u00f3n a Cantabria"},"content":{"rendered":"<p><span style=\"font-weight: 400;\">O Concello de Trabada pon en marcha unha nova edici\u00f3n do programa \u201cViaxa co Concello\u201d, que ter\u00e1 lugar os d\u00edas 19, 20 e 21 de setembro cunha viaxe a Cantabria, visitando lugares emblem\u00e1ticos como a Cueva El Soplao, Comillas, Santillana del Mar, Torrelavega, Santander ou Cangas de On\u00eds.<\/span><\/p>\n<p><span style=\"font-weight: 400;\">O prezo da viaxe \u00e9 de 195 euros por persoa e incl\u00fae seguro, aloxamento de d\u00faas noites en habitaci\u00f3n dobre nun hotel spa de 4 estrelas, visitas culturais, entradas, comidas e ceas programadas en diferentes localidades, as\u00ed como transporte en autob\u00fas.<\/span><\/p>\n<p><span style=\"font-weight: 400;\">Entre as actividades previstas destacan a visita \u00e1 Cueva El Soplao, ao Capricho de Gaud\u00ed en Comillas ou ao Museo da Tortura en Santillana del Mar, ademais de comidas e ceas en localidades como Cabez\u00f3n de la Sal, Santillana ou Cangas de On\u00eds.<\/span><\/p>\n<p><span style=\"font-weight: 400;\">O alcalde de Trabada, Rub\u00e9n Garc\u00eda, subli\u00f1ou que \u201ccon este programa buscamos darlles facilidades aos nosos veci\u00f1os e veci\u00f1as para co\u00f1ecer diferentes lugares do noso pa\u00eds con todas as comodidades, con todo planificado e organizado, de xeito que s\u00f3 te\u00f1an que desfrutar da viaxe. \u00c9 unha maneira de fomentar a convivencia, ao mesmo tempo que descubrimos o noso patrimonio cultural e tur\u00edstico\u201d.<\/span><\/p>\n<p><span style=\"font-weight: 400;\">As prazas son limitadas e est\u00e1n dirixidas a persoas maiores de idade empadroadas en Trabada. A inscrici\u00f3n e o pago deben realizarse nas oficinas municipais ata o 4 de setembro. No caso de quedar prazas dispo\u00f1ibles, abrirase a posibilidade de participaci\u00f3n a persoas non empadroadas que te\u00f1an familiares no municipio.<\/span><\/p>\n<p><span style=\"font-weight: 400;\">Desde o Concello de Trabada an\u00edmase \u00e1 veci\u00f1anza a participar nesta iniciativa, que combina turismo, cultura e convivencia nun ambiente organizado e seguro.<\/span><\/p>","protected":false},"excerpt":{"rendered":"<p>O Concello de Trabada pon en marcha unha nova edici\u00f3n do programa \u201cViaxa co Concello\u201d, que ter\u00e1 lugar os d\u00edas 19, 20 e 21 de setembro cunha viaxe a Cantabria, visitando lugares emblem\u00e1ticos como a Cueva El Soplao, Comillas, Santillana del Mar, Torrelavega, Santander ou Cangas de On\u00eds. O prezo da viaxe \u00e9 de 195 [&hellip;]<\/p>\n","protected":false},"author":1,"featured_media":6920,"comment_status":"closed","ping_status":"closed","sticky":false,"template":"","format":"standard","meta":{"footnotes":""},"categories":[90],"tags":[],"class_list":["post-6919","post","type-post","status-publish","format-standard","has-post-thumbnail","hentry","category-noticias"],"_links":{"self":[{"href":"https:\/\/trabada.gal\/gl\/wp-json\/wp\/v2\/posts\/6919","targetHints":{"allow":["GET"]}}],"collection":[{"href":"https:\/\/trabada.gal\/gl\/wp-json\/wp\/v2\/posts"}],"about":[{"href":"https:\/\/trabada.gal\/gl\/wp-json\/wp\/v2\/types\/post"}],"author":[{"embeddable":true,"href":"https:\/\/trabada.gal\/gl\/wp-json\/wp\/v2\/users\/1"}],"replies":[{"embeddable":true,"href":"https:\/\/trabada.gal\/gl\/wp-json\/wp\/v2\/comments?post=6919"}],"version-history":[{"count":0,"href":"https:\/\/trabada.gal\/gl\/wp-json\/wp\/v2\/posts\/6919\/revisions"}],"wp:featuredmedia":[{"embeddable":true,"href":"https:\/\/trabada.gal\/gl\/wp-json\/wp\/v2\/media\/6920"}],"wp:attachment":[{"href":"https:\/\/trabada.gal\/gl\/wp-json\/wp\/v2\/media?parent=6919"}],"wp:term":[{"taxonomy":"category","embeddable":true,"href":"https:\/\/trabada.gal\/gl\/wp-json\/wp\/v2\/categories?post=6919"},{"taxonomy":"post_tag","embeddable":true,"href":"https:\/\/trabada.gal\/gl\/wp-json\/wp\/v2\/tags?post=6919"}],"curies":[{"name":"wp","href":"https:\/\/api.w.org\/{rel}","templated":true}]}}