{"id":6932,"date":"2025-08-29T12:10:11","date_gmt":"2025-08-29T10:10:11","guid":{"rendered":"https:\/\/trabada.gal\/?p=6932"},"modified":"2025-08-29T12:10:11","modified_gmt":"2025-08-29T10:10:11","slug":"exito-de-participacion-na-ii-ruta-de-sendeirismo-e-paellada-popular-de-sante-con-mais-de-250-inscritos-en-total","status":"publish","type":"post","link":"https:\/\/trabada.gal\/gl\/2025\/08\/29\/exito-de-participacion-na-ii-ruta-de-sendeirismo-e-paellada-popular-de-sante-con-mais-de-250-inscritos-en-total\/","title":{"rendered":"\u00c9xito de participaci\u00f3n na II Ruta de Sendeirismo e Paellada Popular de Sante, con m\u00e1is de 250 inscritos en total"},"content":{"rendered":"<p><span style=\"font-weight: 400;\">A parroquia de Sante acoller\u00e1 este domingo 31 de agosto unha nova edici\u00f3n da s\u00faa ruta de sendeirismo \u201cVolti\u00f1a a Sante\u201d e a gran paellada popular, unha cita que volve demostrar a s\u00faa gran acollida entre a veci\u00f1anza de Trabada e tam\u00e9n entre participantes doutros concellos da contorna.<\/span><\/p>\n<p><span style=\"font-weight: 400;\">A organizaci\u00f3n corre a cargo da Asociaci\u00f3n de Veci\u00f1os San Juli\u00e1n de Sante e de Trabada paso a paso, coa colaboraci\u00f3n do Concello de Trabada, nun exemplo de traballo conxunto entre entidades locais para dinamizar a vida social e cultural das parroquias.<\/span><\/p>\n<p><span style=\"font-weight: 400;\">A d\u00eda de hoxe, xa son m\u00e1is de 100 as persoas inscritas na andaina e m\u00e1is de 150 as anotadas para participar na paellada popular, cifras que superan as do ano pasado e que consolidan o \u00e9xito desta iniciativa, pensada para unir deporte, tradici\u00f3n e gastronom\u00eda nunha xornada participativa.<\/span><\/p>\n<p><span style=\"font-weight: 400;\">O alcalde de Trabada, Rub\u00e9n Garc\u00eda, destacou que \u201co feito de superar xa as cifras de participaci\u00f3n da pasada edici\u00f3n confirma a boa acollida desta proposta, tanto entre os veci\u00f1os e veci\u00f1as de Trabada como entre xente doutros concellos pr\u00f3ximos que se achega para desfrutar da actividade. O noso obxectivo \u00e9 que este tipo de citas sigan medrando ano tras ano, fortalecendo a convivencia e po\u00f1endo en valor o noso territorio\u201d.<\/span><\/p>\n<p><span style=\"font-weight: 400;\">Desde o Concello e as entidades organizadoras an\u00edmase \u00e1 veci\u00f1anza e visitantes a sumarse a esta segunda edici\u00f3n, que combina natureza, deporte e gastronom\u00eda nun ambiente festivo e de boa compa\u00f1\u00eda.<\/span><\/p>\n<p>&nbsp;<\/p>","protected":false},"excerpt":{"rendered":"<p>A parroquia de Sante acoller\u00e1 este domingo 31 de agosto unha nova edici\u00f3n da s\u00faa ruta de sendeirismo \u201cVolti\u00f1a a Sante\u201d e a gran paellada popular, unha cita que volve demostrar a s\u00faa gran acollida entre a veci\u00f1anza de Trabada e tam\u00e9n entre participantes doutros concellos da contorna. A organizaci\u00f3n corre a cargo da Asociaci\u00f3n [&hellip;]<\/p>\n","protected":false},"author":1,"featured_media":6933,"comment_status":"closed","ping_status":"closed","sticky":false,"template":"","format":"standard","meta":{"footnotes":""},"categories":[90],"tags":[],"class_list":["post-6932","post","type-post","status-publish","format-standard","has-post-thumbnail","hentry","category-noticias"],"_links":{"self":[{"href":"https:\/\/trabada.gal\/gl\/wp-json\/wp\/v2\/posts\/6932","targetHints":{"allow":["GET"]}}],"collection":[{"href":"https:\/\/trabada.gal\/gl\/wp-json\/wp\/v2\/posts"}],"about":[{"href":"https:\/\/trabada.gal\/gl\/wp-json\/wp\/v2\/types\/post"}],"author":[{"embeddable":true,"href":"https:\/\/trabada.gal\/gl\/wp-json\/wp\/v2\/users\/1"}],"replies":[{"embeddable":true,"href":"https:\/\/trabada.gal\/gl\/wp-json\/wp\/v2\/comments?post=6932"}],"version-history":[{"count":0,"href":"https:\/\/trabada.gal\/gl\/wp-json\/wp\/v2\/posts\/6932\/revisions"}],"wp:featuredmedia":[{"embeddable":true,"href":"https:\/\/trabada.gal\/gl\/wp-json\/wp\/v2\/media\/6933"}],"wp:attachment":[{"href":"https:\/\/trabada.gal\/gl\/wp-json\/wp\/v2\/media?parent=6932"}],"wp:term":[{"taxonomy":"category","embeddable":true,"href":"https:\/\/trabada.gal\/gl\/wp-json\/wp\/v2\/categories?post=6932"},{"taxonomy":"post_tag","embeddable":true,"href":"https:\/\/trabada.gal\/gl\/wp-json\/wp\/v2\/tags?post=6932"}],"curies":[{"name":"wp","href":"https:\/\/api.w.org\/{rel}","templated":true}]}}