{"id":6945,"date":"2025-09-03T12:58:05","date_gmt":"2025-09-03T10:58:05","guid":{"rendered":"https:\/\/trabada.gal\/?p=6945"},"modified":"2025-09-03T12:58:05","modified_gmt":"2025-09-03T10:58:05","slug":"o-concello-de-trabada-segue-apostando-pola-vivenda-social-coa-rehabilitacion-da-escola-de-valboa","status":"publish","type":"post","link":"https:\/\/trabada.gal\/gl\/2025\/09\/03\/o-concello-de-trabada-segue-apostando-pola-vivenda-social-coa-rehabilitacion-da-escola-de-valboa\/","title":{"rendered":"O Concello de Trabada segue apostando pola vivenda social coa rehabilitaci\u00f3n da escola de Valboa"},"content":{"rendered":"<p><span style=\"font-weight: 400;\">\u00a0O Concello de Trabada est\u00e1 a levar a cabo as obras de reforma da vivenda situada na antiga escola de mestres da parroquia de Valboa, cun investimento total de algo m\u00e1is de 52.000 euros. A actuaci\u00f3n conta cunha subvenci\u00f3n de m\u00e1is de 43.000 euros, mentres que o resto, arredor de 10.000 euros, ser\u00e1 asumido con fondos propios municipais.<\/span><\/p>\n<p><span style=\"font-weight: 400;\">O obxectivo \u00e9 que esta vivenda poida estar habitada a finais deste ano, continuando as\u00ed coa estratexia municipal de recuperar e dar un novo uso social \u00e1s antigas escolas de mestres das parroquias.<\/span><\/p>\n<p><span style=\"font-weight: 400;\">O alcalde de Trabada, Rub\u00e9n Garc\u00eda, destacou que \u201cseguimos avanzando no proxecto de rehabilitar as antigas escolas municipais e transformalas en vivendas sociais. Xa logramos dar uso \u00e1s de Trabadela, Sante, Vidal e Vilapercide, e agora \u00e9 a quenda de Valboa, onde esperamos que unha nova familia poida instalarse antes de rematar o ano\u201d.<\/span><\/p>\n<p><span style=\"font-weight: 400;\">Garc\u00eda engadiu que \u201cestas actuaci\u00f3ns son unha resposta directa \u00e1 problem\u00e1tica da vivenda e contrib\u00faen a fixar poboaci\u00f3n no noso concello, ofrecendo soluci\u00f3ns habitacionais dignas, accesibles e adaptadas \u00e1s necesidades da veci\u00f1anza\u201d.<\/span><\/p>\n<p><span style=\"font-weight: 400;\">Este proxecto \u00e9 un paso m\u00e1is dentro do compromiso do Concello de transformar edificios en desuso en recursos \u00fatiles, contribu\u00edndo a mellorar a calidade de vida no rural.<\/span><\/p>","protected":false},"excerpt":{"rendered":"<p>\u00a0O Concello de Trabada est\u00e1 a levar a cabo as obras de reforma da vivenda situada na antiga escola de mestres da parroquia de Valboa, cun investimento total de algo m\u00e1is de 52.000 euros. A actuaci\u00f3n conta cunha subvenci\u00f3n de m\u00e1is de 43.000 euros, mentres que o resto, arredor de 10.000 euros, ser\u00e1 asumido con [&hellip;]<\/p>\n","protected":false},"author":1,"featured_media":6946,"comment_status":"closed","ping_status":"closed","sticky":false,"template":"","format":"standard","meta":{"footnotes":""},"categories":[90],"tags":[],"class_list":["post-6945","post","type-post","status-publish","format-standard","has-post-thumbnail","hentry","category-noticias"],"_links":{"self":[{"href":"https:\/\/trabada.gal\/gl\/wp-json\/wp\/v2\/posts\/6945","targetHints":{"allow":["GET"]}}],"collection":[{"href":"https:\/\/trabada.gal\/gl\/wp-json\/wp\/v2\/posts"}],"about":[{"href":"https:\/\/trabada.gal\/gl\/wp-json\/wp\/v2\/types\/post"}],"author":[{"embeddable":true,"href":"https:\/\/trabada.gal\/gl\/wp-json\/wp\/v2\/users\/1"}],"replies":[{"embeddable":true,"href":"https:\/\/trabada.gal\/gl\/wp-json\/wp\/v2\/comments?post=6945"}],"version-history":[{"count":0,"href":"https:\/\/trabada.gal\/gl\/wp-json\/wp\/v2\/posts\/6945\/revisions"}],"wp:featuredmedia":[{"embeddable":true,"href":"https:\/\/trabada.gal\/gl\/wp-json\/wp\/v2\/media\/6946"}],"wp:attachment":[{"href":"https:\/\/trabada.gal\/gl\/wp-json\/wp\/v2\/media?parent=6945"}],"wp:term":[{"taxonomy":"category","embeddable":true,"href":"https:\/\/trabada.gal\/gl\/wp-json\/wp\/v2\/categories?post=6945"},{"taxonomy":"post_tag","embeddable":true,"href":"https:\/\/trabada.gal\/gl\/wp-json\/wp\/v2\/tags?post=6945"}],"curies":[{"name":"wp","href":"https:\/\/api.w.org\/{rel}","templated":true}]}}