{"id":6948,"date":"2025-09-05T11:29:04","date_gmt":"2025-09-05T09:29:04","guid":{"rendered":"https:\/\/trabada.gal\/?p=6948"},"modified":"2025-09-05T11:31:54","modified_gmt":"2025-09-05T09:31:54","slug":"comezan-as-obras-de-aforro-enerxetico-na-rede-de-luz-publica-en-cinco-nucleos-de-trabada","status":"publish","type":"post","link":"https:\/\/trabada.gal\/gl\/2025\/09\/05\/comezan-as-obras-de-aforro-enerxetico-na-rede-de-luz-publica-en-cinco-nucleos-de-trabada\/","title":{"rendered":"Comezan as obras de aforro enerx\u00e9tico na rede de luz p\u00fablica en cinco n\u00facleos de Trabada"},"content":{"rendered":"<p><span style=\"font-weight: 400;\">O Concello de Trabada v\u00e9n de iniciar as obras do proxecto denominado <\/span><i><span style=\"font-weight: 400;\">\u201cAforro enerx\u00e9tico na rede de luz p\u00fablica dos n\u00facleos do Vilar, Trabada, Vidal, Vilarbetote e Vilafernando\u201d<\/span><\/i><span style=\"font-weight: 400;\">.<\/span><\/p>\n<p><span style=\"font-weight: 400;\">Esta actuaci\u00f3n, cun orzamento total de 51.608,25 euros, permitir\u00e1 substitu\u00edr as luminarias actuais por outras m\u00e1is eficientes, reducindo o consumo e contribu\u00edndo a unha mellor sustentabilidade ambiental. Para facer fronte ao investimento, o Concello acadou unha axuda de 32.000 euros a trav\u00e9s do Fondo de Compensaci\u00f3n Ambiental, mentres que os 19.608,25 euros restantes ser\u00e1n asumidos con fondos propios municipais.<\/span><\/p>\n<p><span style=\"font-weight: 400;\">O alcalde de Trabada, Rub\u00e9n Garc\u00eda, destacou que \u201clev\u00e1bamos anos traballando para poder executar esta mellora, e agora, grazas \u00e1 axuda conseguida, fac\u00e9mola realidade. Desta forma contribu\u00edmos a mellorar a eficiencia enerx\u00e9tica e a reducir custos, ao tempo que seguimos modernizando os servizos b\u00e1sicos das nosas parroquias\u201d.<\/span><\/p>\n<p><span style=\"font-weight: 400;\">Desde o Concello subli\u00f1an que proxectos coma este forman parte dun plan m\u00e1is amplo orientado a mellorar servizos e infraestruturas para a veci\u00f1anza, apostando pola sustentabilidade e o aforro enerx\u00e9tico.<\/span><\/p>\n<p>&nbsp;<\/p>","protected":false},"excerpt":{"rendered":"<p>O Concello de Trabada v\u00e9n de iniciar as obras do proxecto denominado \u201cAforro enerx\u00e9tico na rede de luz p\u00fablica dos n\u00facleos do Vilar, Trabada, Vidal, Vilarbetote e Vilafernando\u201d. Esta actuaci\u00f3n, cun orzamento total de 51.608,25 euros, permitir\u00e1 substitu\u00edr as luminarias actuais por outras m\u00e1is eficientes, reducindo o consumo e contribu\u00edndo a unha mellor sustentabilidade ambiental. [&hellip;]<\/p>\n","protected":false},"author":1,"featured_media":6949,"comment_status":"closed","ping_status":"closed","sticky":false,"template":"","format":"standard","meta":{"footnotes":""},"categories":[90],"tags":[],"class_list":["post-6948","post","type-post","status-publish","format-standard","has-post-thumbnail","hentry","category-noticias"],"_links":{"self":[{"href":"https:\/\/trabada.gal\/gl\/wp-json\/wp\/v2\/posts\/6948","targetHints":{"allow":["GET"]}}],"collection":[{"href":"https:\/\/trabada.gal\/gl\/wp-json\/wp\/v2\/posts"}],"about":[{"href":"https:\/\/trabada.gal\/gl\/wp-json\/wp\/v2\/types\/post"}],"author":[{"embeddable":true,"href":"https:\/\/trabada.gal\/gl\/wp-json\/wp\/v2\/users\/1"}],"replies":[{"embeddable":true,"href":"https:\/\/trabada.gal\/gl\/wp-json\/wp\/v2\/comments?post=6948"}],"version-history":[{"count":0,"href":"https:\/\/trabada.gal\/gl\/wp-json\/wp\/v2\/posts\/6948\/revisions"}],"wp:featuredmedia":[{"embeddable":true,"href":"https:\/\/trabada.gal\/gl\/wp-json\/wp\/v2\/media\/6949"}],"wp:attachment":[{"href":"https:\/\/trabada.gal\/gl\/wp-json\/wp\/v2\/media?parent=6948"}],"wp:term":[{"taxonomy":"category","embeddable":true,"href":"https:\/\/trabada.gal\/gl\/wp-json\/wp\/v2\/categories?post=6948"},{"taxonomy":"post_tag","embeddable":true,"href":"https:\/\/trabada.gal\/gl\/wp-json\/wp\/v2\/tags?post=6948"}],"curies":[{"name":"wp","href":"https:\/\/api.w.org\/{rel}","templated":true}]}}