{"id":6961,"date":"2025-09-18T11:17:07","date_gmt":"2025-09-18T09:17:07","guid":{"rendered":"https:\/\/trabada.gal\/?p=6961"},"modified":"2025-09-23T11:28:33","modified_gmt":"2025-09-23T09:28:33","slug":"comezaron-as-obras-de-mellora-do-vial-que-une-fornea-e-vilamartin-pequeno-impulsadas-polos-concellos-de-trabada-e-barreiros","status":"publish","type":"post","link":"https:\/\/trabada.gal\/gl\/2025\/09\/18\/comezaron-as-obras-de-mellora-do-vial-que-une-fornea-e-vilamartin-pequeno-impulsadas-polos-concellos-de-trabada-e-barreiros\/","title":{"rendered":"Comezaron as obras de mellora do vial que une F\u00f3rnea e Vilamart\u00edn Pequeno, impulsadas polos Concellos de Trabada e Barreiros"},"content":{"rendered":"<p align=\"justify\"><span style=\"font-family: Montserrat, serif;\"><span style=\"font-size: small;\">Os Concellos de Trabada e Barreiros ve\u00f1en de iniciar as obras de mellora do vial que conecta as localidades de F\u00f3rnea e Vilamart\u00edn Pequeno, un proxecto que sup\u00f3n un investimento total de 50.880,37 \u20ac, dos cales 35.616,26 \u20ac proceden dunha subvenci\u00f3n e 15.264,11 \u20ac son achegados polos dous concellos.<\/span><\/span><\/p>\n<p align=\"justify\"><span style=\"font-family: Montserrat, serif;\"><span style=\"font-size: small;\">O alcalde de Trabada, Rub\u00e9n Garc\u00eda, e a alcaldesa de Barreiros, Ana Ermida, visitaron o inicio dos traballos, que permitir\u00e1n renovar unha v\u00eda de comunicaci\u00f3n compartida entre ambos municipios e que resulta clave para o d\u00eda a d\u00eda da veci\u00f1anza.<\/span><\/span><\/p>\n<p align=\"justify\"><span style=\"font-family: Montserrat, serif;\"><span style=\"font-size: small;\">Rub\u00e9n Garc\u00eda destacou que \u201ca colaboraci\u00f3n cos concellos veci\u00f1os perm\u00edtenos mellorar servizos com\u00fans e avanzar cara a un rural m\u00e1is conectado e funcional. Este proxecto \u00e9 un exemplo do bo entendemento institucional e de como a suma de esforzos d\u00e1 froitos en beneficio da cidadan\u00eda\u201d.<\/span><\/span><\/p>\n<p align=\"justify\"><span style=\"font-family: Montserrat, serif;\"><span style=\"font-size: small;\">A alcaldesa de Barreiros, Ana Ermida, subli\u00f1ou tam\u00e9n a importancia da cooperaci\u00f3n: \u201cesta actuaci\u00f3n responde a unha necesidade real e demostra que a cooperaci\u00f3n entre concellos \u00e9 o mellor cami\u00f1o para conseguir investimentos que doutro xeito ser\u00edan m\u00e1is dif\u00edciles de acadar\u201d.<\/span><\/span><\/p>\n<p align=\"justify\"><span style=\"font-family: Montserrat, serif;\"><span style=\"font-size: small;\">Con esta obra, os Concellos de Trabada e Barreiros seguen dando pasos firmes para mellorar a vida coti\u00e1 da veci\u00f1anza, apostando por infraestruturas que conectan parroquias, fortalecen relaci\u00f3ns e aseguran un rural vivo e con futuro.<\/span><\/span><\/p>","protected":false},"excerpt":{"rendered":"<p>Os Concellos de Trabada e Barreiros ve\u00f1en de iniciar as obras de mellora do vial que conecta as localidades de F\u00f3rnea e Vilamart\u00edn Pequeno, un proxecto que sup\u00f3n un investimento total de 50.880,37 \u20ac, dos cales 35.616,26 \u20ac proceden dunha subvenci\u00f3n e 15.264,11 \u20ac son achegados polos dous concellos. O alcalde de Trabada, Rub\u00e9n Garc\u00eda, [&hellip;]<\/p>\n","protected":false},"author":1,"featured_media":6962,"comment_status":"closed","ping_status":"closed","sticky":false,"template":"","format":"standard","meta":{"footnotes":""},"categories":[90],"tags":[],"class_list":["post-6961","post","type-post","status-publish","format-standard","has-post-thumbnail","hentry","category-noticias"],"_links":{"self":[{"href":"https:\/\/trabada.gal\/gl\/wp-json\/wp\/v2\/posts\/6961","targetHints":{"allow":["GET"]}}],"collection":[{"href":"https:\/\/trabada.gal\/gl\/wp-json\/wp\/v2\/posts"}],"about":[{"href":"https:\/\/trabada.gal\/gl\/wp-json\/wp\/v2\/types\/post"}],"author":[{"embeddable":true,"href":"https:\/\/trabada.gal\/gl\/wp-json\/wp\/v2\/users\/1"}],"replies":[{"embeddable":true,"href":"https:\/\/trabada.gal\/gl\/wp-json\/wp\/v2\/comments?post=6961"}],"version-history":[{"count":0,"href":"https:\/\/trabada.gal\/gl\/wp-json\/wp\/v2\/posts\/6961\/revisions"}],"wp:featuredmedia":[{"embeddable":true,"href":"https:\/\/trabada.gal\/gl\/wp-json\/wp\/v2\/media\/6962"}],"wp:attachment":[{"href":"https:\/\/trabada.gal\/gl\/wp-json\/wp\/v2\/media?parent=6961"}],"wp:term":[{"taxonomy":"category","embeddable":true,"href":"https:\/\/trabada.gal\/gl\/wp-json\/wp\/v2\/categories?post=6961"},{"taxonomy":"post_tag","embeddable":true,"href":"https:\/\/trabada.gal\/gl\/wp-json\/wp\/v2\/tags?post=6961"}],"curies":[{"name":"wp","href":"https:\/\/api.w.org\/{rel}","templated":true}]}}