{"id":6984,"date":"2025-10-06T12:12:39","date_gmt":"2025-10-06T10:12:39","guid":{"rendered":"https:\/\/trabada.gal\/?p=6984"},"modified":"2025-10-06T12:12:39","modified_gmt":"2025-10-06T10:12:39","slug":"rematan-as-obras-de-mellora-do-vial-que-une-fornea-e-vilamartin-pequeno","status":"publish","type":"post","link":"https:\/\/trabada.gal\/gl\/2025\/10\/06\/rematan-as-obras-de-mellora-do-vial-que-une-fornea-e-vilamartin-pequeno\/","title":{"rendered":"Rematan as obras de mellora do vial que une F\u00f3rnea e Vilamart\u00edn Pequeno"},"content":{"rendered":"<p><span style=\"font-weight: 400;\">O Concello de Trabada informa da finalizaci\u00f3n das obras de mellora do vial que conecta as parroquias de F\u00f3rnea e Vilamart\u00edn Pequeno, unha actuaci\u00f3n impulsada conxuntamente polos Concellos de Trabada e Barreiros.<\/span><\/p>\n<p><span style=\"font-weight: 400;\">O proxecto contou cun investimento total de 50.880,37 euros, dos cales 35.616,26 euros proceden dunha subvenci\u00f3n solicitada \u00e1 Conseller\u00eda de Presidencia, Xustiza e Deportes, mentres que os 15.264,11 euros restantes foron achegados polos dous concellos.<\/span><\/p>\n<p><span style=\"font-weight: 400;\">Os traballos permitiron acondicionar e mellorar o firme desta v\u00eda, aumentando a seguridade e comodidade do tr\u00e1nsito tanto para veh\u00edculos como para os veci\u00f1os e veci\u00f1as que a empregan habitualmente.<\/span><\/p>\n<p><span style=\"font-weight: 400;\">O alcalde de Trabada, Rub\u00e9n Garc\u00eda, destacou que \u201cesta actuaci\u00f3n \u00e9 un novo paso adiante para mellorar as comunicaci\u00f3ns entre parroquias e garantir unha mobilidade segura para a veci\u00f1anza\u201d. Engadiu tam\u00e9n que \u201ca colaboraci\u00f3n institucional \u00e9 fundamental para levar a cabo este tipo de proxectos, que dan resposta a necesidades com\u00fans e repercuten directamente na calidade de vida do noso rural\u201d.<\/span><\/p>\n<p><span style=\"font-weight: 400;\">Con esta obra, o Concello de Trabada contin\u00faa avanzando na s\u00faa li\u00f1a de actuaci\u00f3n orientada \u00e1 mellora das infraestruturas viarias e \u00e1 posta en valor das conexi\u00f3ns entre parroquias, contribu\u00edndo \u00e1 cohesi\u00f3n territorial e \u00e1 dinamizaci\u00f3n do municipio.<\/span><\/p>\n<p>&nbsp;<\/p>","protected":false},"excerpt":{"rendered":"<p>O Concello de Trabada informa da finalizaci\u00f3n das obras de mellora do vial que conecta as parroquias de F\u00f3rnea e Vilamart\u00edn Pequeno, unha actuaci\u00f3n impulsada conxuntamente polos Concellos de Trabada e Barreiros. O proxecto contou cun investimento total de 50.880,37 euros, dos cales 35.616,26 euros proceden dunha subvenci\u00f3n solicitada \u00e1 Conseller\u00eda de Presidencia, Xustiza e [&hellip;]<\/p>\n","protected":false},"author":1,"featured_media":6985,"comment_status":"closed","ping_status":"closed","sticky":false,"template":"","format":"standard","meta":{"footnotes":""},"categories":[90],"tags":[],"class_list":["post-6984","post","type-post","status-publish","format-standard","has-post-thumbnail","hentry","category-noticias"],"_links":{"self":[{"href":"https:\/\/trabada.gal\/gl\/wp-json\/wp\/v2\/posts\/6984","targetHints":{"allow":["GET"]}}],"collection":[{"href":"https:\/\/trabada.gal\/gl\/wp-json\/wp\/v2\/posts"}],"about":[{"href":"https:\/\/trabada.gal\/gl\/wp-json\/wp\/v2\/types\/post"}],"author":[{"embeddable":true,"href":"https:\/\/trabada.gal\/gl\/wp-json\/wp\/v2\/users\/1"}],"replies":[{"embeddable":true,"href":"https:\/\/trabada.gal\/gl\/wp-json\/wp\/v2\/comments?post=6984"}],"version-history":[{"count":0,"href":"https:\/\/trabada.gal\/gl\/wp-json\/wp\/v2\/posts\/6984\/revisions"}],"wp:featuredmedia":[{"embeddable":true,"href":"https:\/\/trabada.gal\/gl\/wp-json\/wp\/v2\/media\/6985"}],"wp:attachment":[{"href":"https:\/\/trabada.gal\/gl\/wp-json\/wp\/v2\/media?parent=6984"}],"wp:term":[{"taxonomy":"category","embeddable":true,"href":"https:\/\/trabada.gal\/gl\/wp-json\/wp\/v2\/categories?post=6984"},{"taxonomy":"post_tag","embeddable":true,"href":"https:\/\/trabada.gal\/gl\/wp-json\/wp\/v2\/tags?post=6984"}],"curies":[{"name":"wp","href":"https:\/\/api.w.org\/{rel}","templated":true}]}}