{"id":6988,"date":"2025-10-08T11:00:36","date_gmt":"2025-10-08T09:00:36","guid":{"rendered":"https:\/\/trabada.gal\/?p=6988"},"modified":"2025-10-08T11:00:36","modified_gmt":"2025-10-08T09:00:36","slug":"o-concello-de-trabada-inicia-a-renovacion-da-area-recreativa-de-a-choza-na-ria-de-abres","status":"publish","type":"post","link":"https:\/\/trabada.gal\/gl\/2025\/10\/08\/o-concello-de-trabada-inicia-a-renovacion-da-area-recreativa-de-a-choza-na-ria-de-abres\/","title":{"rendered":"O Concello de Trabada inicia a renovaci\u00f3n da \u00e1rea recreativa de A Choza na R\u00eda de Abres"},"content":{"rendered":"<p><span style=\"font-weight: 400;\">O Concello de Trabada v\u00e9n de po\u00f1er en marcha a primeira fase das obras de renovaci\u00f3n da \u00e1rea recreativa de A Choza, situada na parroquia da R\u00eda de Abres. Esta actuaci\u00f3n contar\u00e1 cun investimento de 30.000 euros dunha subvenci\u00f3n concedida pola Direcci\u00f3n de Turismo de Galicia.<\/span><\/p>\n<p><span style=\"font-weight: 400;\">Nesta primeira fase prevese a substituci\u00f3n de parte do valado de madeira por materiais reciclados e de imitaci\u00f3n madeira, as\u00ed como a renovaci\u00f3n das papeleiras, fontes e mesas da zona recreativa. O obxectivo \u00e9 mellorar e modernizar este espazo tan frecuentado pola veci\u00f1anza e visitantes, garantindo a s\u00faa conservaci\u00f3n e adapt\u00e1ndoo a criterios de sustentabilidade e accesibilidade.<\/span><\/p>\n<p><span style=\"font-weight: 400;\">O alcalde de Trabada, Rub\u00e9n Garc\u00eda, destacou que \u201ccontinuamos traballando na mellora dos nosos espazos tur\u00edsticos e naturais, que son un dos grandes atractivos do noso concello. Grazas a este tipo de axudas podemos seguir renovando infraestruturas e ofrecendo espazos de lecer en mellores condici\u00f3ns para todos\u201d.<\/span><\/p>\n<p><span style=\"font-weight: 400;\">Garc\u00eda lembrou tam\u00e9n que \u201cesta actuaci\u00f3n s\u00famase a outras realizadas nos \u00faltimos anos, como a creaci\u00f3n da \u00e1rea de autocaravanas na R\u00eda de Abres ou a construci\u00f3n dunha nova \u00e1rea recreativa en Villapena\u201d.\u00a0<\/span><\/p>\n<p><span style=\"font-weight: 400;\">Con este proxecto, o Concello de Trabada reafirma o seu compromiso coa posta en valor do patrimonio natural e coa creaci\u00f3n de espazos tur\u00edsticos e de ocio accesibles, seguros e respectuosos co medio ambiente.<\/span><\/p>","protected":false},"excerpt":{"rendered":"<p>O Concello de Trabada v\u00e9n de po\u00f1er en marcha a primeira fase das obras de renovaci\u00f3n da \u00e1rea recreativa de A Choza, situada na parroquia da R\u00eda de Abres. Esta actuaci\u00f3n contar\u00e1 cun investimento de 30.000 euros dunha subvenci\u00f3n concedida pola Direcci\u00f3n de Turismo de Galicia. Nesta primeira fase prevese a substituci\u00f3n de parte do [&hellip;]<\/p>\n","protected":false},"author":1,"featured_media":6989,"comment_status":"closed","ping_status":"closed","sticky":false,"template":"","format":"standard","meta":{"footnotes":""},"categories":[90],"tags":[],"class_list":["post-6988","post","type-post","status-publish","format-standard","has-post-thumbnail","hentry","category-noticias"],"_links":{"self":[{"href":"https:\/\/trabada.gal\/gl\/wp-json\/wp\/v2\/posts\/6988","targetHints":{"allow":["GET"]}}],"collection":[{"href":"https:\/\/trabada.gal\/gl\/wp-json\/wp\/v2\/posts"}],"about":[{"href":"https:\/\/trabada.gal\/gl\/wp-json\/wp\/v2\/types\/post"}],"author":[{"embeddable":true,"href":"https:\/\/trabada.gal\/gl\/wp-json\/wp\/v2\/users\/1"}],"replies":[{"embeddable":true,"href":"https:\/\/trabada.gal\/gl\/wp-json\/wp\/v2\/comments?post=6988"}],"version-history":[{"count":0,"href":"https:\/\/trabada.gal\/gl\/wp-json\/wp\/v2\/posts\/6988\/revisions"}],"wp:featuredmedia":[{"embeddable":true,"href":"https:\/\/trabada.gal\/gl\/wp-json\/wp\/v2\/media\/6989"}],"wp:attachment":[{"href":"https:\/\/trabada.gal\/gl\/wp-json\/wp\/v2\/media?parent=6988"}],"wp:term":[{"taxonomy":"category","embeddable":true,"href":"https:\/\/trabada.gal\/gl\/wp-json\/wp\/v2\/categories?post=6988"},{"taxonomy":"post_tag","embeddable":true,"href":"https:\/\/trabada.gal\/gl\/wp-json\/wp\/v2\/tags?post=6988"}],"curies":[{"name":"wp","href":"https:\/\/api.w.org\/{rel}","templated":true}]}}